{"id":7076,"date":"2010-10-08T06:30:31","date_gmt":"2010-10-08T05:30:31","guid":{"rendered":"http:\/\/poesiamas.net\/blog\/?p=7076"},"modified":"2015-03-14T00:51:08","modified_gmt":"2015-03-14T00:51:08","slug":"margenes-de-la-convivencia","status":"publish","type":"post","link":"https:\/\/escribocreativo.com\/blog\/2010\/10\/08\/margenes-de-la-convivencia\/","title":{"rendered":"M\u00e1rgenes de la convivencia"},"content":{"rendered":"<p style=\"text-align: center;\">\n<div id=\"attachment_7077\" style=\"width: 235px\" class=\"wp-caption aligncenter\"><a href=\"https:\/\/escribocreativo.com\/blog\/wp-content\/uploads\/2010\/10\/coran-biblia.jpg\"><img loading=\"lazy\" decoding=\"async\" aria-describedby=\"caption-attachment-7077\" class=\"size-full wp-image-7077 \" title=\"coran-biblia\" src=\"https:\/\/escribocreativo.com\/blog\/wp-content\/uploads\/2010\/10\/coran-biblia.jpg\" alt=\"\" width=\"225\" height=\"225\" \/><\/a><p id=\"caption-attachment-7077\" class=\"wp-caption-text\">Cor\u00e1n y Biblia<\/p><\/div>\n<blockquote style=\"text-align: justify;\">\n<p style=\"text-align: justify;\">El burka no es una prescripci\u00f3n cor\u00e1nica. No hay ning\u00fan vers\u00edculo ni  ning\u00fan texto de la Sunna que obligue a las mujeres a vivir en esa  prisi\u00f3n de tela y chatarra que es un velo integral. No hay ning\u00fan <em>shoyoukh,<\/em> ning\u00fan doctor de la religi\u00f3n que ignore que el rostro no es una  &#8220;desnudez&#8221;, no m\u00e1s que las manos. Y no hablo de aquellos que, como  Hassan Chalghoumi, el valiente im\u00e1n de Drancy, est\u00e1n diciendo a sus  fieles, alto y claro, que llevar ese velo integral es <strong>claramente  antiisl\u00e1mico<\/strong>.<\/p>\n<p style=\"text-align: justify;\">Bernard-Henri L\u00e9vy, <a href=\"http:\/\/www.elpais.com\/articulo\/opinion\/ley\/burka\/elpepusocdgm\/20100221elpdmgpan_1\/Tes\" target=\"_blank\">S\u00ed a la ley del burka<\/a>.<\/p>\n<\/blockquote>\n<p style=\"text-align: justify;\">La convivencia entre culturas es un debate de moda. Siempre ha habido pol\u00e9micas en cuanto a la convivencia tanto a nivel interno -en Espa\u00f1a, con los gitanos, por ejemplo- como a nivel internacional, como ha sucedido con los conflictos entre los radicales isl\u00e1micos y occidente -incluyendo a sus radicales neoconservadores-.<\/p>\n<p style=\"text-align: justify;\">Hay diversas lecturas entre los espacios de convivencia, y la experiencia me va llevando a la duda acerca de la necesidad de delimitar fronteras. Porque la convivencia debe darse entre ac\u00e1 y all\u00e1, y entre all\u00e1 y ac\u00e1, y solo en la voluntad de ambas partes, verificable, se podr\u00e1 dar un espacio de aceptaci\u00f3n del otro. Y esto es muy dif\u00edcil.<\/p>\n<p style=\"text-align: justify;\">La convivencia no se basa en la imposici\u00f3n de una cultura sobre la otra, error frecuente, aunque este espacio de convivencia nos lleve a pensar que nuestra \u00e9tica, costumbres, moral, etc. sean las correctas. El conflicto puede estallar porque, adem\u00e1s, cada cual se identifica con su cultura y la defiende a capa y espada: en Europa, por lo general, desde una visi\u00f3n eurocentrista: mi cultura, por ser la m\u00eda, es la mejor y por tanto la que posee las mejores virtudes, \u00a1bien de logros, de reivindicaciones que llegaron a buen fin, de libertades, de democracia! Y se nos llena la boca de jactarnos de buena parte de estos logros. Porque algo bueno tendr\u00e1 la otra cultura, y no precisamente siempre aquello que podamos entender porque se asemeja a lo que reconocemos como nuestro tambi\u00e9n. Ah\u00ed no hay dificultad posible.<\/p>\n<p style=\"text-align: justify;\"><!--more--><\/p>\n<p style=\"text-align: justify;\">Sin embargo, no todos los pensadores opinan, como es obvio y natural, que la convivencia entre civilizaciones pueda ser llevada a cabo con un simple esfuerzo entre las partes.\u00a0 Algunos, incluso, lo desaconsejan. Para <a href=\"http:\/\/es.wikipedia.org\/wiki\/Gustavo_Bueno\" target=\"_blank\">el fil\u00f3sofo Gustavo Bueno<\/a> las declaraciones del presidente Zapatero sobre la convivencia y su idea de la &#8220;Alianza de las Civilizaciones&#8221; son lo que \u00e9l llama &#8220;El pensamiento Alicia&#8221;:<\/p>\n<blockquote>\n<p style=\"text-align: justify;\">Nos pone este pensamiento \u2013el Pensamiento Zapatero\u2013 ante un escenario  planetario muy pr\u00f3ximo en el cual las civilizaciones realmente  existentes habr\u00e1n dejado de alimentar sus conflictos (el pensamiento  Zapatero sale as\u00ed al paso de las pretensiones de Huntington, en el  sentido de que los conflictos entre las civilizaciones son inevitables) y  habr\u00e1n olvidado sus guerras, llegando a comprenderse y abrazarse,  <strong>aceptando unos los credos de los otros<\/strong>.<\/p>\n<p style=\"text-align: justify;\">Un pensamiento que nos ofrece la representaci\u00f3n de un mundo futuro  pac\u00edfico, feliz y \u00aba la mano\u00bb, pero sin decirnos los medios que pueden  conducir a \u00e9l, ni los m\u00e9todos que nos van a permitir evitar las guerras,  las diferencias entre los pobres y los ricos, o las distancias entre  los polite\u00edstas, los monote\u00edstas o los ateos. Simplemente se nos pone  delante de este mundo maravilloso como algo que ya puede considerarse  como dado, porque acaso s\u00f3lo es la codicia, la estupidez o la ignorancia  de algunos hombres lo que nos separa de \u00e9l.<\/p>\n<p style=\"text-align: justify;\">La alianza entre civilizaciones, en sentido estricto, <strong>es imposible,  salvo que se est\u00e9 dispuesto a destruir alguno de los aliados o todos<\/strong>.  \u00bfC\u00f3mo hacer compatible la poligamia con la monogamia sin destruir uno u  otro sistema, o ambos? Otro tanto se diga cuando nos referimos a la  convivencia de los matrimonios heterosexuales y los homosexuales: la  instituci\u00f3n de la familia puede darse por desaparecida a partir de un  determinado porcentaje de matrimonios homosexuales. \u00bfY el derecho de  propiedad? \u00bfCabe una alianza entre civilizaciones que contienen entre  sus instituciones la propiedad privada de los medios de producci\u00f3n y  aquellas otras que consideran necesario destruir esta instituci\u00f3n en  nombre del comunismo? \u00bfTiene alg\u00fan porvenir, como modelo de civilizaci\u00f3n  universal, el proyecto de Den Xiaoping de hacer de China un pa\u00eds con  dos sistemas?<\/p>\n<p style=\"text-align: justify;\">\u00bfY c\u00f3mo entender una alianza entre civilizaciones, una de las cuales  est\u00e9 organizada seg\u00fan el modelo de las democracias parlamentarias, y  otra seg\u00fan el modelo de la dictadura del proletariado? Tampoco tiene  sentido una alianza entre una civilizaci\u00f3n cristiana (cuyo consustancial  proselitismo le obligar\u00e1, por amor a los dem\u00e1s hombres, a extender su  doctrina y sus sacramentos) y una civilizaci\u00f3n isl\u00e1mica (cuyo  consustancial proselitismo le obligar\u00e1 a extender la valoraci\u00f3n del  dogma de la divinidad de Cristo como una blasfemia). Solo cuando ambas  civilizaciones hubieran perdido la fe proselitista salvadora de sus  dogmas y sacramentos, es decir, cuando hubieran dejado de ser cristiana o  musulmana, la Alianza ser\u00eda posible; <strong>pero ya no ser\u00eda una alianza entre  tales civilizaciones, sino entre sus cad\u00e1veres<\/strong>.<\/p>\n<p style=\"text-align: justify;\">Gustavo Bueno, <a href=\"http:\/\/www.nodulo.org\/ec\/2005\/n045p02.htm\" target=\"_blank\">Pensamiento Alicia (sobre la alianza de las civilizaciones) [extractos]\n<\/a><\/p>\n<\/blockquote>\n<p style=\"text-align: justify;\">No parece que la convivencia vaya a resultar nada f\u00e1cil entre civilizaciones, y por otro lado tenemos en el d\u00eda a d\u00eda pruebas de imposibilidad de convivencia a niveles locales entre personas que asumen los mismos rasgos culturales, esto es, nuestros compatriotas:\u00a0\u00a0 convivir con un barrio de inmigrantes, convivir con un barrio donde el paro ha hecho estragos y aumenta la delincuencia de forma exponencial, convivir con un barrio que es un conocido foco de tr\u00e1fico de drogas, convivir con otras etnias que forman guetos -la palabra hace referencia a las juder\u00edas- en las ciudades y no se integran con el resto de la ciudadan\u00eda manteniendo sus costumbres de forma todav\u00eda m\u00e1s extrema que en su pa\u00eds de origen. Es el caso de los turcos en Alemania, donde son tratados como escoria, literalmente, aunque la mera insinuaci\u00f3n deje al alem\u00e1n interrogado por el asunto con el rostro enrojecido y un balbuceo de disculpas a cuenta del lastre del holocausto jud\u00edo-.<\/p>\n<p style=\"text-align: justify;\">Porque no hablamos de que deba existir una soluci\u00f3n para estos problemas locales -aunque mi art\u00edculo va m\u00e1s encaminado a la situaci\u00f3n mundial, entiendo que si a micro niveles ya existen problemas de dif\u00edcil soluci\u00f3n, \u00a1qu\u00e9 pensar de los que se dan entre diferentes culturas!-; el asunto es la convivencia mientras se solucionan estos conflictos locales, y solucionarlos no consiste en trasladar el foco del problema a las periferias: \u00bfc\u00f3mo articulamos esa convivencia local, entre ciudadanos que pertenecen a un mismo pa\u00eds, digamos que ciudadanos m\u00e1s predispuestos a tener rasgos en com\u00fan entre ellos? Volvamos al asunto central: \u00bfy qu\u00e9 hacemos mientras con la convivencia entre culturas tan distintas como pueden ser la oriental y la occidental, ya no digamos en las que la religi\u00f3n son una confrontaci\u00f3n a ciertos niveles, a nivel local?<\/p>\n<p style=\"text-align: justify;\">Dar\u00e9 la nota amarga, me temo, en este D\u00eda de la Convivencia que hemos querido organizar y en el que auguro cientos de art\u00edculos sobre los aspectos positivos de la convivencia, todos necesarios igualmente; tal vez \u00e9sta necesita tambi\u00e9n de unos m\u00e1rgenes para que sea efectiva.<\/p>\n<p style=\"text-align: justify;\">Dejo estos esbozos para dar luz a unas cuantas ideas que representan aspectos de la realidad tangibles y a\u00fan candentes: \u00bfqu\u00e9 soluciones encuentras t\u00fa para esta convivencia global? \u00bfPiensas que hay que establecer m\u00e1rgenes de convivencia? Y si es as\u00ed, \u00bfdeber\u00edamos de seguir llam\u00e1ndolo convivencia, o usar m\u00e1s bien: regulaci\u00f3n de la\u00a0 convivencia? <strong>Y \u00bfqui\u00e9n le pone el cascabel al gato?<\/strong><\/p>\n<p style=\"text-align: justify;\"><span style=\"font-size: x-small;\"><strong>Imagen: <a href=\"http:\/\/asambleabetel.blogspot.com\/2008_06_01_archive.html\" target=\"_blank\">asambleabetel.blogspot.com<\/a>.<\/strong><\/span><\/p>\n<p style=\"text-align: center;\">[email_link]\n","protected":false},"excerpt":{"rendered":"<p>El burka no es una prescripci\u00f3n cor\u00e1nica. No hay ning\u00fan vers\u00edculo ni ning\u00fan texto de la Sunna que obligue a las mujeres a vivir en esa prisi\u00f3n de tela y chatarra que es un velo integral. No hay ning\u00fan shoyoukh, ning\u00fan doctor de la religi\u00f3n que ignore que el rostro no es una &#8220;desnudez&#8221;, no m\u00e1s que las manos. Y[&#8230;]<\/p>\n","protected":false},"author":1,"featured_media":0,"comment_status":"open","ping_status":"open","sticky":false,"template":"","format":"standard","meta":{"footnotes":""},"categories":[3608],"tags":[727,2114],"class_list":["post-7076","post","type-post","status-publish","format-standard","hentry","category-literatura","tag-convivencia","tag-margenes"],"_links":{"self":[{"href":"https:\/\/escribocreativo.com\/blog\/wp-json\/wp\/v2\/posts\/7076","targetHints":{"allow":["GET"]}}],"collection":[{"href":"https:\/\/escribocreativo.com\/blog\/wp-json\/wp\/v2\/posts"}],"about":[{"href":"https:\/\/escribocreativo.com\/blog\/wp-json\/wp\/v2\/types\/post"}],"author":[{"embeddable":true,"href":"https:\/\/escribocreativo.com\/blog\/wp-json\/wp\/v2\/users\/1"}],"replies":[{"embeddable":true,"href":"https:\/\/escribocreativo.com\/blog\/wp-json\/wp\/v2\/comments?post=7076"}],"version-history":[{"count":0,"href":"https:\/\/escribocreativo.com\/blog\/wp-json\/wp\/v2\/posts\/7076\/revisions"}],"wp:attachment":[{"href":"https:\/\/escribocreativo.com\/blog\/wp-json\/wp\/v2\/media?parent=7076"}],"wp:term":[{"taxonomy":"category","embeddable":true,"href":"https:\/\/escribocreativo.com\/blog\/wp-json\/wp\/v2\/categories?post=7076"},{"taxonomy":"post_tag","embeddable":true,"href":"https:\/\/escribocreativo.com\/blog\/wp-json\/wp\/v2\/tags?post=7076"}],"curies":[{"name":"wp","href":"https:\/\/api.w.org\/{rel}","templated":true}]}}