{"id":7099,"date":"2010-10-09T14:15:51","date_gmt":"2010-10-09T13:15:51","guid":{"rendered":"http:\/\/poesiamas.net\/blog\/?p=7099"},"modified":"2015-03-14T00:51:08","modified_gmt":"2015-03-14T00:51:08","slug":"viernes-el-dia-de-venus","status":"publish","type":"post","link":"https:\/\/escribocreativo.com\/blog\/2010\/10\/09\/viernes-el-dia-de-venus\/","title":{"rendered":"Viernes: el d\u00eda de Venus"},"content":{"rendered":"<p style=\"text-align: justify;\">\n<div id=\"attachment_7100\" style=\"width: 410px\" class=\"wp-caption aligncenter\"><a href=\"https:\/\/escribocreativo.com\/blog\/wp-content\/uploads\/2010\/10\/venus.jpg\"><img loading=\"lazy\" decoding=\"async\" aria-describedby=\"caption-attachment-7100\" class=\"size-full wp-image-7100\" title=\"venus\" src=\"https:\/\/escribocreativo.com\/blog\/wp-content\/uploads\/2010\/10\/venus.jpg\" alt=\"\" width=\"400\" height=\"400\" \/><\/a><p id=\"caption-attachment-7100\" class=\"wp-caption-text\">Venus<\/p><\/div>\n<p style=\"text-align: justify;\">Aunque en nuestro idioma la mayor\u00eda de las palabras proceden del caso del acusativo latino, es cierto que existen formas fosilizadas que permanecieron de otros casos y que adem\u00e1s denotan la cultura cl\u00e1sica de aquella \u00e9poca. Al reducirse los casos al acusativo, por\u00a0 cuestiones importantes para el hablante como la econom\u00eda ling\u00fc\u00edstica y la pertenencia fonol\u00f3gica -es decir, que su uso marque claramente una distinci\u00f3n frente a otros y sea \u00fatil-, quedad\u00f3 el acusativo como \u00fanico caso del que evolucionaron la gran mayor\u00eda de los sustantivos que usamos hoy en d\u00eda.<\/p>\n<blockquote>\n<p style=\"text-align: justify;\">Los casos latinos eran: Nominativo, Vocativo, Acusativo, Genitivo, Dativo y Ablativo, y cada uno mostraba una funci\u00f3n concreta. Por ejemplo, el acusativo era el caso usado para indicar el complemento directo en lat\u00edn.<\/p>\n<\/blockquote>\n<p style=\"text-align: justify;\">De estas formas fosilizadas encontramos ejemplos en el ablativo, por ejemplo con HAC HORA, que dio nuestro actual &#8220;ahora&#8221;. En este ejemplo, adem\u00e1s, se produce un cambio categorial, ya que de esta combinaci\u00f3n de un determinante y un sustantivo dio lugar al adverbio &#8220;ahora&#8221;.<\/p>\n<p style=\"text-align: justify;\">Pero lo realmente lindo viene del <strong>genitivo<\/strong>. \u00bfDe d\u00f3nde proceden los nombres de los d\u00edas de la semana? Pues precisamente de este restos fosilizados de este caso que desapareci\u00f3 pero que nos dej\u00f3 estas huellas tan interesantes &#8211;<em>\u00a1est\u00e1n locos estos romanos!<\/em>-.<\/p>\n<p style=\"text-align: justify;\"><!--more--><\/p>\n<p>El lunes, <strong>DIES LUNAE<\/strong>, es &#8220;el d\u00eda de la luna&#8221;.<\/p>\n<p>El martes, <strong>DIES MARTIS<\/strong>, &#8220;el d\u00eda de Marte&#8221;<\/p>\n<p>El mi\u00e9rcoles, <strong>DIES MERCURI<\/strong>, &#8220;el d\u00eda de Mercurio&#8221;<\/p>\n<p>El jueves, <strong>DIES IOVIS<\/strong>, &#8220;el d\u00eda de J\u00fapiter&#8221;<\/p>\n<p>El viernes, <strong>DIES VENUS<\/strong>, &#8220;el d\u00eda de Venus&#8221;<\/p>\n<p style=\"text-align: justify;\">El s\u00e1bado, <strong>DIES SATURNI<\/strong>, &#8220;el d\u00eda de Saturno&#8221;, que cambi\u00f3 a DIES SABBATUM posteriormente para hacer referencia al Sabbat.<\/p>\n<p>El domingo, <strong>DIES SOLIS<\/strong>, &#8220;el d\u00eda del sol&#8221;, que cambi\u00f3 a DIES DOMINICUS, &#8220;el d\u00eda del Se\u00f1or&#8221;, del lat\u00edn DOMINUS (Se\u00f1or).<\/p>\n<blockquote>\n<p style=\"text-align: justify;\"><em>&#8220;S\u00e1bado&#8221;<\/em> viene de la palabra de origen hebreo, que se refiere al &#8220;Sabbat&#8221;, haciendo referencia al d\u00eda de descanso (en la tradici\u00f3n jud\u00eda y cristiana, Dios descans\u00f3 el s\u00e9ptimo d\u00eda de su creaci\u00f3n).  Finalmente, &#8220;<em>domingo&#8221;<\/em> tiene su origen en una palabra latina, que significa \u201cel d\u00eda del se\u00f1or\u201d. No es ninguna coincidencia que el domingo tenga una relaci\u00f3n con el sol y con Jes\u00fas. Estas variaciones fueron consecuencia de la extensi\u00f3n del cristianismo.<\/p>\n<\/blockquote>\n<p style=\"text-align: justify;\"><strong> <\/strong><\/p>\n<p style=\"text-align: center;\">[email_link]\n","protected":false},"excerpt":{"rendered":"<p>Aunque en nuestro idioma la mayor\u00eda de las palabras proceden del caso del acusativo latino, es cierto que existen formas fosilizadas que permanecieron de otros casos y que adem\u00e1s denotan la cultura cl\u00e1sica de aquella \u00e9poca. Al reducirse los casos al acusativo, por\u00a0 cuestiones importantes para el hablante como la econom\u00eda ling\u00fc\u00edstica y la pertenencia fonol\u00f3gica -es decir, que su[&#8230;]<\/p>\n","protected":false},"author":1,"featured_media":0,"comment_status":"open","ping_status":"open","sticky":false,"template":"","format":"standard","meta":{"footnotes":""},"categories":[3608],"tags":[908,916,1230,1736,2039,2129,2972,3004,3403],"class_list":["post-7099","post","type-post","status-publish","format-standard","hentry","category-literatura","tag-dias","tag-dies","tag-etimologia","tag-jesus","tag-luna","tag-marte","tag-saturno","tag-semana","tag-venus"],"_links":{"self":[{"href":"https:\/\/escribocreativo.com\/blog\/wp-json\/wp\/v2\/posts\/7099","targetHints":{"allow":["GET"]}}],"collection":[{"href":"https:\/\/escribocreativo.com\/blog\/wp-json\/wp\/v2\/posts"}],"about":[{"href":"https:\/\/escribocreativo.com\/blog\/wp-json\/wp\/v2\/types\/post"}],"author":[{"embeddable":true,"href":"https:\/\/escribocreativo.com\/blog\/wp-json\/wp\/v2\/users\/1"}],"replies":[{"embeddable":true,"href":"https:\/\/escribocreativo.com\/blog\/wp-json\/wp\/v2\/comments?post=7099"}],"version-history":[{"count":0,"href":"https:\/\/escribocreativo.com\/blog\/wp-json\/wp\/v2\/posts\/7099\/revisions"}],"wp:attachment":[{"href":"https:\/\/escribocreativo.com\/blog\/wp-json\/wp\/v2\/media?parent=7099"}],"wp:term":[{"taxonomy":"category","embeddable":true,"href":"https:\/\/escribocreativo.com\/blog\/wp-json\/wp\/v2\/categories?post=7099"},{"taxonomy":"post_tag","embeddable":true,"href":"https:\/\/escribocreativo.com\/blog\/wp-json\/wp\/v2\/tags?post=7099"}],"curies":[{"name":"wp","href":"https:\/\/api.w.org\/{rel}","templated":true}]}}