{"id":71,"date":"2008-07-11T05:32:34","date_gmt":"2008-07-11T05:32:34","guid":{"rendered":"http:\/\/poesiamas.net\/blog\/?p=71"},"modified":"2015-03-11T13:48:08","modified_gmt":"2015-03-11T13:48:08","slug":"real-decreto-para-el-aborto","status":"publish","type":"post","link":"https:\/\/escribocreativo.com\/blog\/2008\/07\/11\/real-decreto-para-el-aborto\/","title":{"rendered":"Real Decreto para el aborto"},"content":{"rendered":"<p>Comenzemos por lo que es conocido por todos: hay mujeres que abortan. Y, como todo acto en la vida, hay siempre un cara o cruz. La cruz es que existen cl\u00ednicas donde se realizan abortos ilegales; pero la cruz es, tambi\u00e9n, que la mujer no tenga capacidad de decisi\u00f3n sobre su propia vida.<\/p>\n<p>He visto muchas veces las argumentaciones falaces y anti-cient\u00edficas de los grupos radicales anti-abortistas, falsamente autodenominados pro-vida, ya que al hacerse con el nombre en su denominaci\u00f3n se quieren hacer garantes de algo que todo ser humano posee a nivel gen\u00e9tico: la preservaci\u00f3n de la vida. Llaman radicales a los grupos pro-aborto, pero si aqu\u00e9llos se encuentran en un lado radical de la propuesta, \u00e9sta misma percepci\u00f3n los sit\u00faa en el opuesto radical.<\/p>\n<p>He escuchado a mujeres de las plataformas, de ideolog\u00eda ultraconservadora, decir que las mujeres que desean abortar necesitan ayuda psicol\u00f3gica. Y bueno, son unas taradas, confundidas, y ellas en cambio tienen una percepci\u00f3n de la vida justa, equilibrada y &#8230; \u00a1viva el pensamiento \u00fanico!<\/p>\n<p>Cuando el psicoan\u00e1lisis y el marxismo se unieron, todos comenzaron a ver en los dem\u00e1s las razones ocultas de su comportamiento: represiones, traumas, neurosis, bloqueos o complejos. \u00bfQui\u00e9n iba a reconocer que ignoraba las razones ocultas de su propio comportamiento y que le faltaba un tornillo? La receta del \u00e9xito del psicoan\u00e1lisis era distinta, sin embargo, de la del marxismo: era el propio psicoan\u00e1lisis el que creaba los problemas frente a los que \u00e9l se ofrec\u00eda como soluci\u00f3n. Cuanto mas crec\u00eda el psicoan\u00e1lisis, m\u00e1s remesas te\u00f3ricas se demandaban. Era como una bebida que da sed: una droga.<\/p>\n<p><!--more--><\/p>\n<p>As\u00ed que las mal denominadas asociaciones pro-vida (qu\u00e9 pasar\u00eda si las que est\u00e1n a favor del aborto se llamaran pro-vida -de la mujer- y las ultraconservadores anti-abortistas) alegan que no hay mujer que desee abortar: lo que necesitan es cari\u00f1o, comprensi\u00f3n y, si es necesario, un conveniente lavado de cerebro para que no solo no lo hagan sino que, los domingos, acudan a misa con sus trillizos a los que no puede alimentar, para los que no est\u00e1 psicol\u00f3gicamente preparada para atender o bien ha sido violada. \u00a1Pero mucho cari\u00f1o quita todas estas penas! No s\u00e9 si habr\u00e1 dinero para que los mantenga, pero que se mate a trabajar como una perra para sacarlos adelante: \u00a1una vez que se es madre, se es para toda la vida: ser madre o la muerte!<\/p>\n<p>Iron\u00edas aparte, existen dos casos importantes en Espa\u00f1a por el asunto del aborto. En uno, el Caso Mor\u00edn, hay indicios, que no pruebas, de que no se hab\u00edan hecho los ex\u00e1menes psiqui\u00e1tricos necesarios y que muchos abortos fueron en gestaciones avanzadas. En el caso de la Cl\u00ednica Isadora, Alternativa Espa\u00f1ola, partido ultra, pide acceso al sumario del caso, lo que les dar\u00eda el nombre de las mujeres abortistas. El juez suspendi\u00f3 la petici\u00f3n; varios agentes del Seprona dicen haber encontrado fetos muy grandes. No s\u00e9 si estos agentes son especialistas en pediatr\u00eda o ciencia forense, pero prefiero escuchar el informe de un equipo m\u00e9dico que lo avale.<\/p>\n<p>El gobierno estudia ahora eliminar, en un Real Decreto que deber\u00eda estar finalizado antes de que acabe el a\u00f1o, el supuesto ps\u00edquico y fijar un plazo de aborto donde no se requiera justificaci\u00f3n; se estima que estar\u00e1 entre 12 y 16 semanas. Est\u00e1n tardando. Las mujeres, insisto, son las \u00fanicas que pueden tener voz y voto en esta situaci\u00f3n que las convierte en se\u00f1aladas por sectores sociales que han quedado en Atapuerca.<\/p>\n<p>Y luego el tener a mujeres que acaban de sufrir el drama de abortar, como delincuentes, en cuartelillos. Es denigrante, insultante, grotesco, tener a mujeres que han pasado por \u00e9se trauma en situaciones de retenci\u00f3n policial. A los miembros de la Guardia Civil, a los jueces y a los pol\u00edticos, se les deber\u00edan caer la cara de verg\u00fcenza ante \u00e9stas situaciones que son propias de un estado fascista. El derecho a la confidencialidad es un derecho que el estado debe aplicar sin medias palabras y en el que debe ser su valedor.<\/p>\n<p>Las garant\u00edas que sumar\u00e1 el nuevo Real Decreto, informan desde el gobierno, ser\u00e1n:<\/p>\n<ol>\n<blockquote>\n<li>Cuando una mujer vaya a abortar sus datos quedar\u00e1n ocultos bajo un c\u00f3digo.<\/li>\n<li>El el historial cl\u00ednico de la paciente que interrumpa su embarazo no figurar\u00e1 su nombre, s\u00f3lo la codificaci\u00f3n.<\/li>\n<li>Los datos personales de las mujeres que aborten s\u00f3lo podr\u00e1n conocerse a trav\u00e9s de una orden judicial.<\/li>\n<li>Las cl\u00ednicas no podr\u00e1n ceder datos de las pacientes ni tampoco usarlos con fines publicitarios<\/li>\n<li>Los criterios establecidos en el real decreto ser\u00e1n &#8220;comunes&#8221; para toda Espa\u00f1a.<\/li>\n<li>Cuando los servicios de salud p\u00fablicos faciliten la prestaci\u00f3n de la interrupci\u00f3n del embarazo con medios ajenos (privados) deben asegurarse de que se garantizan las condiciones b\u00e1sicas: pruebas, informes m\u00e9dicos y confidencialidad.<\/li>\n<\/blockquote>\n<\/ol>\n<p>De la iglesia cat\u00f3lica ni hablamos, \u00bfno? Mejor, que me sale dermatitis. Lo peor no es que \u00e9stas asociaciones ultraderechistas quieran acabar con el aborto: es que quieren imponer, como la iglesia cat\u00f3lica, su visi\u00f3n moral sobre la de los dem\u00e1s y homogeneizar su moral sobre todos los dem\u00e1s. Por lo tanto, es una imposici\u00f3n sobre el otro, sin respeto a sus ideas ni costumbres. Vivir para ver.<br \/>\n<!--adsense--><\/p>\n","protected":false},"excerpt":{"rendered":"<p>Comenzemos por lo que es conocido por todos: hay mujeres que abortan. Y, como todo acto en la vida, hay siempre un cara o cruz. La cruz es que existen cl\u00ednicas donde se realizan abortos ilegales; pero la cruz es, tambi\u00e9n, que la mujer no tenga capacidad de decisi\u00f3n sobre su propia vida. He visto muchas veces las argumentaciones falaces[&#8230;]<\/p>\n","protected":false},"author":1,"featured_media":0,"comment_status":"open","ping_status":"open","sticky":false,"template":"","format":"standard","meta":{"footnotes":""},"categories":[10],"tags":[52,462,780,866,1482,1544,1955],"class_list":["post-71","post","type-post","status-publish","format-standard","hentry","category-la-ciudad-reflexiva","tag-aborto","tag-campana","tag-criterios","tag-denuncia","tag-guardia-civil","tag-hipocresia","tag-libertad"],"_links":{"self":[{"href":"https:\/\/escribocreativo.com\/blog\/wp-json\/wp\/v2\/posts\/71","targetHints":{"allow":["GET"]}}],"collection":[{"href":"https:\/\/escribocreativo.com\/blog\/wp-json\/wp\/v2\/posts"}],"about":[{"href":"https:\/\/escribocreativo.com\/blog\/wp-json\/wp\/v2\/types\/post"}],"author":[{"embeddable":true,"href":"https:\/\/escribocreativo.com\/blog\/wp-json\/wp\/v2\/users\/1"}],"replies":[{"embeddable":true,"href":"https:\/\/escribocreativo.com\/blog\/wp-json\/wp\/v2\/comments?post=71"}],"version-history":[{"count":0,"href":"https:\/\/escribocreativo.com\/blog\/wp-json\/wp\/v2\/posts\/71\/revisions"}],"wp:attachment":[{"href":"https:\/\/escribocreativo.com\/blog\/wp-json\/wp\/v2\/media?parent=71"}],"wp:term":[{"taxonomy":"category","embeddable":true,"href":"https:\/\/escribocreativo.com\/blog\/wp-json\/wp\/v2\/categories?post=71"},{"taxonomy":"post_tag","embeddable":true,"href":"https:\/\/escribocreativo.com\/blog\/wp-json\/wp\/v2\/tags?post=71"}],"curies":[{"name":"wp","href":"https:\/\/api.w.org\/{rel}","templated":true}]}}