{"id":7116,"date":"2010-10-11T13:03:21","date_gmt":"2010-10-11T12:03:21","guid":{"rendered":"http:\/\/poesiamas.net\/blog\/?p=7116"},"modified":"2015-03-11T13:55:37","modified_gmt":"2015-03-11T13:55:37","slug":"granada","status":"publish","type":"post","link":"https:\/\/escribocreativo.com\/blog\/2010\/10\/11\/granada\/","title":{"rendered":"Granada"},"content":{"rendered":"<p style=\"text-align: justify;\">Y s\u00ed, es lo que tiene, una ciudad que huele, que tiene mezcla de culturas. Las fotos nos pueden recordar el viaje, pero el estar <em>in situ<\/em> en Granada es una cosa que, de momento, las fotos no nos pueden traer. Y que recomiendo. Hay que ir, hay que ir. Y esa tosta de aceite con jam\u00f3n -all\u00ed el jam\u00f3n alude siempre al serrano, no hay confusi\u00f3n con el york-; los tomates ali\u00f1ados, los tapones con sus ca\u00f1as, la cultura, la &#8220;mala foll\u00e1&#8221; grana\u00edna, las teter\u00edas en calles que suben y bajan de La Alhambra, todo el Albayc\u00edn,\u00a0 el cuarto donde escribi\u00f3 Washington Irving sus <em>Cuentos&#8230;<\/em>, esta ciudad es un lugar donde poner en pr\u00e1ctica eso que coment\u00e9 de <a href=\"https:\/\/escribocreativo.com\/blog\/2010\/09\/28\/vida-social-o-vida-solitaria\/\">la vida contemplativa<\/a>, \u00a1ay, Granada, tierra so\u00f1ada por m\u00ed! \ud83d\ude00<\/p>\n[flickrset id=&#8221;72157625110571066&#8243; thumbnail=&#8221;square&#8221; overlay=&#8221;true&#8221; size=&#8221;medium&#8221;]\n<p style=\"text-align: center;\">[email_link]\n","protected":false},"excerpt":{"rendered":"<p>Y s\u00ed, es lo que tiene, una ciudad que huele, que tiene mezcla de culturas. Las fotos nos pueden recordar el viaje, pero el estar in situ en Granada es una cosa que, de momento, las fotos no nos pueden traer. Y que recomiendo. Hay que ir, hay que ir. Y esa tosta de aceite con jam\u00f3n -all\u00ed el jam\u00f3n[&#8230;]<\/p>\n","protected":false},"author":1,"featured_media":0,"comment_status":"open","ping_status":"open","sticky":false,"template":"","format":"standard","meta":{"footnotes":""},"categories":[10],"tags":[1468,3412],"class_list":["post-7116","post","type-post","status-publish","format-standard","hentry","category-la-ciudad-reflexiva","tag-granada","tag-viaje"],"_links":{"self":[{"href":"https:\/\/escribocreativo.com\/blog\/wp-json\/wp\/v2\/posts\/7116","targetHints":{"allow":["GET"]}}],"collection":[{"href":"https:\/\/escribocreativo.com\/blog\/wp-json\/wp\/v2\/posts"}],"about":[{"href":"https:\/\/escribocreativo.com\/blog\/wp-json\/wp\/v2\/types\/post"}],"author":[{"embeddable":true,"href":"https:\/\/escribocreativo.com\/blog\/wp-json\/wp\/v2\/users\/1"}],"replies":[{"embeddable":true,"href":"https:\/\/escribocreativo.com\/blog\/wp-json\/wp\/v2\/comments?post=7116"}],"version-history":[{"count":0,"href":"https:\/\/escribocreativo.com\/blog\/wp-json\/wp\/v2\/posts\/7116\/revisions"}],"wp:attachment":[{"href":"https:\/\/escribocreativo.com\/blog\/wp-json\/wp\/v2\/media?parent=7116"}],"wp:term":[{"taxonomy":"category","embeddable":true,"href":"https:\/\/escribocreativo.com\/blog\/wp-json\/wp\/v2\/categories?post=7116"},{"taxonomy":"post_tag","embeddable":true,"href":"https:\/\/escribocreativo.com\/blog\/wp-json\/wp\/v2\/tags?post=7116"}],"curies":[{"name":"wp","href":"https:\/\/api.w.org\/{rel}","templated":true}]}}