{"id":781,"date":"2008-11-07T08:39:55","date_gmt":"2008-11-07T08:39:55","guid":{"rendered":"http:\/\/poesiamas.net\/blog\/?p=781"},"modified":"2015-03-11T13:48:06","modified_gmt":"2015-03-11T13:48:06","slug":"transgenicos-donde-digo-digo-digo-diego","status":"publish","type":"post","link":"https:\/\/escribocreativo.com\/blog\/2008\/11\/07\/transgenicos-donde-digo-digo-digo-diego\/","title":{"rendered":"Transg\u00e9nicos: donde digo digo, digo Diego"},"content":{"rendered":"<p>En una entrevista a la <a href=\"http:\/\/www.marm.es\/\" target=\"_blank\">Ministra de Medio Ambiente y Medio Rural y Marino<\/a>,   Elena Espinosa, en diario <em>El Pa\u00eds<\/em><\/p>\n<p style=\"text-align: justify;\">(Martes, 4 de Noviembre de 2008, p\u00e1gina 41), a la pregunta:<\/p>\n<blockquote style=\"text-align: justify;\"><p><strong>Usted es defensora de los transg\u00e9nicos. \u00bfPor qu\u00e9?<\/strong><\/p><\/blockquote>\n<p style=\"text-align: justify;\">responde:<\/p>\n<blockquote style=\"text-align: justify;\"><p>No creo que esta afirmaci\u00f3n defina mi punto de vista.<\/p><\/blockquote>\n<p style=\"text-align: justify;\">Y m\u00e1s abajo:<\/p>\n<blockquote style=\"text-align: justify;\"><p>Yo estoy y trabajo en favor del desarrollo sostenible&#8230; En ese sentido, la biotecnolog\u00eda es un instrumento m\u00e1s, y entiendo que no se puede, a priori, aplicar ning\u00fan radicalismo o dogmatismo a su utilizaci\u00f3n.<\/p><\/blockquote>\n<p style=\"text-align: justify;\"><!--more--><\/p>\n<p><script type=\"text\/javascript\"><!--\ngoogle_ad_client = \"pub-8129239002981358\";\n\/* 336x280, creado 3\/11\/08 *\/\ngoogle_ad_slot = \"7958439179\";\ngoogle_ad_width = 336;\ngoogle_ad_height = 280;\n\/\/ --><\/script><script src=\"http:\/\/pagead2.googlesyndication.com\/pagead\/show_ads.js\" type=\"text\/javascript\"><\/script><\/p>\n<p style=\"text-align: justify;\">Hoy, Las Palmas de Gran Canaria, 7 de Noviembre de 2008, yo, a la pregunta:<\/p>\n<blockquote style=\"text-align: justify;\"><p><strong>Usted est\u00e1 a favor de consumir cacao en vez de caf\u00e9 en sus desayunos. \u00bfPor qu\u00e9?<\/strong><\/p><\/blockquote>\n<p style=\"text-align: justify;\">respondo<\/p>\n<blockquote style=\"text-align: justify;\"><p>No creo que esta afirmaci\u00f3n defina mi punto de vista.<\/p><\/blockquote>\n<p style=\"text-align: justify;\">Y m\u00e1s abajo:<\/p>\n<blockquote style=\"text-align: justify;\">\n<p style=\"text-align: justify;\">Estoy a favor del desarrollo de la industria espa\u00f1ola y de mantener puestos de trabajo. En este sentido, el consumo de cacao es un instrumento m\u00e1s y entiendo que es, a priori, radical el decir que por mi causa los dem\u00e1s miembros de mi familia ingieren menos cacao o les obligo a tomar caf\u00e9. No se puede estigmatizar un producto en detrimento de otro. Hay que considerar los avances tecnol\u00f3gicos y cient\u00edficos: este producto mejora la calidad de vida.<\/p>\n<\/blockquote>\n<p style=\"text-align: justify;\"><!--adsense--><\/p>\n<p style=\"text-align: center;\">[email_link]\n","protected":false},"excerpt":{"rendered":"<p>En una entrevista a la Ministra de Medio Ambiente y Medio Rural y Marino, Elena Espinosa, en diario El Pa\u00eds (Martes, 4 de Noviembre de 2008, p\u00e1gina 41), a la pregunta: Usted es defensora de los transg\u00e9nicos. \u00bfPor qu\u00e9? responde: No creo que esta afirmaci\u00f3n defina mi punto de vista. Y m\u00e1s abajo: Yo estoy y trabajo en favor del[&#8230;]<\/p>\n","protected":false},"author":1,"featured_media":0,"comment_status":"open","ping_status":"open","sticky":false,"template":"","format":"standard","meta":{"footnotes":""},"categories":[10],"tags":[136,352,713,1099,3312],"class_list":["post-781","post","type-post","status-publish","format-standard","hentry","category-la-ciudad-reflexiva","tag-alimentacion","tag-biotecnologia","tag-consumo","tag-elena-salgado","tag-transgenico"],"_links":{"self":[{"href":"https:\/\/escribocreativo.com\/blog\/wp-json\/wp\/v2\/posts\/781","targetHints":{"allow":["GET"]}}],"collection":[{"href":"https:\/\/escribocreativo.com\/blog\/wp-json\/wp\/v2\/posts"}],"about":[{"href":"https:\/\/escribocreativo.com\/blog\/wp-json\/wp\/v2\/types\/post"}],"author":[{"embeddable":true,"href":"https:\/\/escribocreativo.com\/blog\/wp-json\/wp\/v2\/users\/1"}],"replies":[{"embeddable":true,"href":"https:\/\/escribocreativo.com\/blog\/wp-json\/wp\/v2\/comments?post=781"}],"version-history":[{"count":0,"href":"https:\/\/escribocreativo.com\/blog\/wp-json\/wp\/v2\/posts\/781\/revisions"}],"wp:attachment":[{"href":"https:\/\/escribocreativo.com\/blog\/wp-json\/wp\/v2\/media?parent=781"}],"wp:term":[{"taxonomy":"category","embeddable":true,"href":"https:\/\/escribocreativo.com\/blog\/wp-json\/wp\/v2\/categories?post=781"},{"taxonomy":"post_tag","embeddable":true,"href":"https:\/\/escribocreativo.com\/blog\/wp-json\/wp\/v2\/tags?post=781"}],"curies":[{"name":"wp","href":"https:\/\/api.w.org\/{rel}","templated":true}]}}