{"id":7890,"date":"2011-02-23T23:24:45","date_gmt":"2011-02-23T23:24:45","guid":{"rendered":"http:\/\/poesiamas.net\/blog\/?p=7890"},"modified":"2015-03-14T00:51:06","modified_gmt":"2015-03-14T00:51:06","slug":"t01-e14-el-consumidor-programado","status":"publish","type":"post","link":"https:\/\/escribocreativo.com\/blog\/2011\/02\/23\/t01-e14-el-consumidor-programado\/","title":{"rendered":"T01, E14: el consumidor programado"},"content":{"rendered":"<p style=\"text-align: justify;\">En 1871, Edison daba a la luz su primera bombilla de larga duraci\u00f3n: 1500 horas. En 1924, se anunciaba que duraban hasta las 2500 horas. Resulta sorprendente, cuando menos, que las bombillas de nuestras casas no duren m\u00e1s de las \u00a12.000 horas! que suelen anunciar. \u00bfO no es tan sorprendente?<\/p>\n<p style=\"text-align: justify;\"><a href=\"https:\/\/escribocreativo.com\/blog\/wp-content\/uploads\/2011\/02\/bombillascartel.jpg\"><img loading=\"lazy\" decoding=\"async\" class=\"aligncenter size-full wp-image-7894\" title=\"bombillascartel\" src=\"https:\/\/escribocreativo.com\/blog\/wp-content\/uploads\/2011\/02\/bombillascartel.jpg\" alt=\"\" width=\"550\" height=\"313\" \/><\/a><\/p>\n<p style=\"text-align: justify;\">Lo que es sorprendente es que se llegaran a patentar en d\u00e9cadas posteriores bombillas que duraban 100.000 horas. \u00bfC\u00f3mo es que nunca se comercializaron? Un c\u00e1rtel de productores (Philips, Osram, etc.) acord\u00f3, mediante acuerdos secretos, obligando a pagar multas a los fabricantes que lo incumplieran, a reducir la vida de las bombillas a 1000 horas. El objetivo es obvio: vender m\u00e1s. <a href=\"http:\/\/www.philips.es\/c\/otros-tipo-de-bombillas\/ecoclassic-blanca-calida-de-42-w-55-w-con-casquillo-normal-872790025198225\/prd\/;jsessionid=804FA4CB0178A1E6CD3C17A17460DAE5.app101-drp4?t=specifications\" target=\"_blank\">Yendo a la web de Philips en Espa\u00f1a<\/a>, haciendo un peque\u00f1o testeo r\u00e1pido, puedes encontrar bombillas de bajo consumo de 20.000 horas de duraci\u00f3n (<strong>m\u00e1s caras<\/strong>) y la hal\u00f3gena (de 2000 horas, indicando 2 a\u00f1os de duraci\u00f3n&#8230; si no cubres esas horas, claro).<\/p>\n<p>La respuesta a todo esto es la<strong> obsolescencia programada<\/strong>.<\/p>\n<p><!--more--><\/p>\n<p style=\"text-align: justify;\">Sin embargo, tras la revoluci\u00f3n industrial, la gente no pod\u00eda seguir el ritmo de las m\u00e1quinas. La sociedad entera comenz\u00f3 a comprar por diversi\u00f3n&#8230; hasta que lleg\u00f3 el crac del 29. Entonces, <strong>a Bernard London (un gilipollas al que habr\u00eda que haber degollado como a un cerdo; lo digo figuradamente) <\/strong>se le ocurri\u00f3 -tal y como escribi\u00f3 en su panfleto- que deb\u00eda limitarse la vida de los productos y que el estado se asegurar\u00eda de retirarlos una vez dejasen de funcionar &#8220;por ley&#8221;. Es decir: el estado pasar\u00eda a controlar este nuevo concepto: <a href=\"http:\/\/es.wikipedia.org\/wiki\/Obsolescencia_planificada\" target=\"_blank\">obsolescencia programada<\/a> y, adem\u00e1s, vamos a joder el medio ambiente con esos residuos (pero el gilipollas y los gilipollas -tambi\u00e9n figuradamente- que asintieron al escucharlo dudo que tuvieran en cuenta nada m\u00e1s que aumentar los beneficios). Pero su obsolescencia obligatoria no funcion\u00f3&#8230; en aquellos momentos.<\/p>\n<p style=\"text-align: justify;\">Chicas, cuando Dupont fabric\u00f3 el nylon era demasiado resistente, as\u00ed que tuvieron que trabajar en \u00e9l para que \u00a1se hicieran carreras y sigui\u00e9rais comprando! \u00a1Medias sin carreras! \ud83d\ude00<\/p>\n<p style=\"text-align: justify;\">Y vosotros, geeks inform\u00e1ticos, \u00a1tampoco os libr\u00e1is! \u00a1Vuestro adorado Apple se rie en vuestra cara! Y a cualquiera que tenga una impresora que falle a partir de <em>x<\/em> n\u00famero de copias, que publicitan como elevado (\u00a1hacen miles y miles!): las impresoras tienen un chip que hace una cuenta del n\u00famero de impresiones; una vez llega a su l\u00edmite, da un aviso de reparaci\u00f3n autom\u00e1tico, y claro, \u00a1en la tienda el servicio t\u00e9cnico te recomienda comprar una nueva, que sale mucho m\u00e1s barato!<\/p>\n<blockquote>\n<p style=\"text-align: justify;\">Puede que, milagrosamente, en ese bloque sovi\u00e9tico detestado por la cultura estadounidense exista un programador que gratuitamente aporte un programa que desbloquee ese error y la impresora continue imprimiendo&#8230; \u00bfal final necesitaremos a los rusos -en su medida revolucionaria- para revertir el sistema capitalista -y volver a los a\u00f1os 60, como dice el documental <a href=\"https:\/\/escribocreativo.com\/blog\/2009\/10\/26\/la-solucion-el-decrecimiento-economico\/\">cuando se habla del decrecimiento<\/a>-?<\/p>\n<\/blockquote>\n<p style=\"text-align: justify;\">Al otro lado, en donde el comunismo triunfaba bajo el tel\u00f3n de acero, la obsolescencia programada no exist\u00eda y los productos eran hechos&#8230; para durar. En la Alemania del Este, las normas del comunismo explicitaban que una nevera deb\u00eda hacerse para durar&#8230; <strong>25 a\u00f1os<\/strong>. \u00a1Las cosas de antes duraban m\u00e1s, dicen las madres y las abuelas! \ud83d\ude00<\/p>\n<p style=\"text-align: justify;\">Me seguir\u00eda riendo de todos nosotros pero lo mejor es dejar el documental para que te rias conmigo. La calidad es incre\u00edble para verlo a pantalla completa y adem\u00e1s puedes encontrarlo dividido en partes. A m\u00ed se me fue en un suspiro. \u00bfAlgunas novias tambi\u00e9n est\u00e1n afectadas por la obsolescencia programada? \ud83d\ude00<\/p>\n<p style=\"text-align: justify;\"><object width=\"640\" height=\"390\"><param name=\"movie\" value=\"http:\/\/www.youtube.com\/v\/QosF0b0i2f0?fs=1&amp;hl=es_ES&amp;rel=0\" \/><param name=\"allowFullScreen\" value=\"true\" \/><param name=\"allowscriptaccess\" value=\"always\" \/><embed type=\"application\/x-shockwave-flash\" width=\"640\" height=\"390\" src=\"http:\/\/www.youtube.com\/v\/QosF0b0i2f0?fs=1&amp;hl=es_ES&amp;rel=0\" allowscriptaccess=\"always\" allowfullscreen=\"true\"><\/embed><\/object><\/p>\n<p><span style=\"font-size: x-small;\">Es una pena: ten\u00eda un art\u00edculo precioso con una versi\u00f3n de Lullaby of Birdland que es para babear (y no es la de Ella Fitzgerald); digo, la canci\u00f3n. Pero este documental vale la pena.<\/span><\/p>\n<p style=\"text-align: center;\">[email_link]\n","protected":false},"excerpt":{"rendered":"<p>En 1871, Edison daba a la luz su primera bombilla de larga duraci\u00f3n: 1500 horas. En 1924, se anunciaba que duraban hasta las 2500 horas. Resulta sorprendente, cuando menos, que las bombillas de nuestras casas no duren m\u00e1s de las \u00a12.000 horas! que suelen anunciar. \u00bfO no es tan sorprendente? Lo que es sorprendente es que se llegaran a patentar[&#8230;]<\/p>\n","protected":false},"author":1,"featured_media":0,"comment_status":"open","ping_status":"open","sticky":false,"template":"","format":"standard","meta":{"footnotes":""},"categories":[3608],"tags":[194,385,713,853,2402,2846,3091],"class_list":["post-7890","post","type-post","status-publish","format-standard","hentry","category-literatura","tag-apple","tag-bombillas","tag-consumo","tag-decrecimiento","tag-obsolescencia-programada","tag-residuos","tag-sociedad"],"_links":{"self":[{"href":"https:\/\/escribocreativo.com\/blog\/wp-json\/wp\/v2\/posts\/7890","targetHints":{"allow":["GET"]}}],"collection":[{"href":"https:\/\/escribocreativo.com\/blog\/wp-json\/wp\/v2\/posts"}],"about":[{"href":"https:\/\/escribocreativo.com\/blog\/wp-json\/wp\/v2\/types\/post"}],"author":[{"embeddable":true,"href":"https:\/\/escribocreativo.com\/blog\/wp-json\/wp\/v2\/users\/1"}],"replies":[{"embeddable":true,"href":"https:\/\/escribocreativo.com\/blog\/wp-json\/wp\/v2\/comments?post=7890"}],"version-history":[{"count":0,"href":"https:\/\/escribocreativo.com\/blog\/wp-json\/wp\/v2\/posts\/7890\/revisions"}],"wp:attachment":[{"href":"https:\/\/escribocreativo.com\/blog\/wp-json\/wp\/v2\/media?parent=7890"}],"wp:term":[{"taxonomy":"category","embeddable":true,"href":"https:\/\/escribocreativo.com\/blog\/wp-json\/wp\/v2\/categories?post=7890"},{"taxonomy":"post_tag","embeddable":true,"href":"https:\/\/escribocreativo.com\/blog\/wp-json\/wp\/v2\/tags?post=7890"}],"curies":[{"name":"wp","href":"https:\/\/api.w.org\/{rel}","templated":true}]}}