{"id":8060,"date":"2011-03-25T07:30:33","date_gmt":"2011-03-25T07:30:33","guid":{"rendered":"http:\/\/poesiamas.net\/blog\/?p=8060"},"modified":"2015-03-11T13:55:36","modified_gmt":"2015-03-11T13:55:36","slug":"ese-no-es-mi-nombre","status":"publish","type":"post","link":"https:\/\/escribocreativo.com\/blog\/2011\/03\/25\/ese-no-es-mi-nombre\/","title":{"rendered":"Ese no es mi nombre"},"content":{"rendered":"<div id=\"attachment_8063\" style=\"width: 510px\" class=\"wp-caption aligncenter\"><a href=\"https:\/\/escribocreativo.com\/blog\/wp-content\/uploads\/2011\/03\/manara-sueno.jpg\"><img loading=\"lazy\" decoding=\"async\" aria-describedby=\"caption-attachment-8063\" class=\"size-full wp-image-8063\" title=\"manara-sueno\" src=\"https:\/\/escribocreativo.com\/blog\/wp-content\/uploads\/2011\/03\/manara-sueno.jpg\" alt=\"\" width=\"500\" height=\"251\" \/><\/a><p id=\"caption-attachment-8063\" class=\"wp-caption-text\">\u00a1Aish! Milo Manara...<\/p><\/div>\n<p style=\"text-align: justify;\"><strong>Uno. Ulises.<br \/>\n<\/strong><\/p>\n<p style=\"text-align: justify;\">Las manifestaciones en contra de un r\u00e9gimen son tambi\u00e9n una forma de negaci\u00f3n: redise\u00f1an nuestra identidad porque limitar nuestras libertades conforma una nueva realidad ajena. &#8220;Ese no soy yo&#8221; equivale a decir &#8220;dices mi nombre y crees conocerme, pero ese no soy yo&#8221;, &#8220;yo soy yo&#8221;.<\/p>\n<p style=\"text-align: justify;\">Ulises, cuando es interrogado por el C\u00edclope, evita darle su nombre. Esto es porque para los griegos dar el nombre era como dar (en el sentido de entregar) tu propia identidad y, adem\u00e1s, significaba exponerlo a lo que viniera. As\u00ed que est\u00e1 presto y le dice que se llama &#8220;Nadie&#8221; (en algunas traducciones, &#8220;Ninguno&#8221;). Ulises est\u00e1 a salvo (su verdadero nombre no ha sido expuesto, no lo conocen su enemigo ni el destino), pero solo de momento. Cuando deja a Polifemo tuerto, ya alej\u00e1ndose victorioso en su barco, le vocifera que en realidad el que le hizo tal da\u00f1o y burla fue Ulises, lo que ser\u00e1 un error fatal: ahora el C\u00edclope le dir\u00e1 su nombre a Poseid\u00f3n, su padre, que s\u00ed actuar\u00e1 contra \u00e9l.<\/p>\n<p style=\"text-align: justify;\">Moraleja: nunca le digas tu verdadero nombre a un C\u00edclope ni a\u00fan habi\u00e9ndole burlado.<\/p>\n<p style=\"text-align: justify;\"><strong>Dos. Interrogatorio.<\/strong><\/p>\n<p style=\"text-align: justify;\">Cuando detienen a un automovilista en una carretera piden su DNI: necesitan saber su nombre. Es una obligaci\u00f3n identificarse. Sin embargo, es muy com\u00fan que tanto en la vida administrativa como en la red abunden quienes se nieguen a dar sus datos personales. \u00bfMi nombre y apellido? Qu\u00e9 va: ese no es mi nombre, lo puse porque lo ped\u00eda el registro.<\/p>\n<p style=\"text-align: justify;\">Moraleja: esos mensajes cari\u00f1osos de Loly, la chica guapa de Huelva de tu red social, en realidad son de una estudiante de Erasmus chipriota que se parece a Tinar Turner con ictericia.<\/p>\n<p style=\"text-align: justify;\"><!--more--><br \/>\n<strong>Tres. Urbanidad.<\/strong><\/p>\n<p style=\"text-align: justify;\">No recordar el nombre de alguien resulta muy feo y m\u00e1s si tu instinto te dice que no es el momento de no recordarlo porque te pregunta: \u00bfa que ya no te acuerdas de mi nombre?<\/p>\n<p style=\"text-align: justify;\">Moraleja: Di &#8220;<em>\u00bfNo te importa y me grabas lo que voy a decir con el m\u00f3vil?, es para una performance, gracias<\/em>&#8220;, le pides a continuaci\u00f3n el m\u00f3vil, lo grabas a \u00e9l o ella durante diez segundos por si quiere a\u00f1adir algo, lo subes al Youtube y me avisas.<\/p>\n<p style=\"text-align: justify;\"><strong>Cuatro. Vida nocturna.<\/strong><\/p>\n<p style=\"text-align: justify;\">Cuando alguien se presenta, digamos en un pub, al segundo de desvanecerse, a las puertas de tu o\u00eddo, las ondas sonoras que transportaban esos fonemas, buscas recursos en tu conversaci\u00f3n para no dar a entender que ya no te acuerdas. No recordar el nombre de alguien es dejarlo en el olvido, como si perteneciera a un pasado lejano. Sucede con la m\u00fasica baja, media o alta, en un asadero o yendo de senderismo.<\/p>\n<p style=\"text-align: justify;\">Moraleja para un h\u00f3mine: M\u00e1s que pedir una llamada perdida, di que mande un mensaje con tu nombre con una amplia sonrisa. Digas lo que digas, con una amplia sonrisa.<\/p>\n<p style=\"text-align: justify;\">Moraleja para una f\u00e9mina: Nos consta (a m\u00ed y a la humanidad) que a ti te piden el m\u00f3vil una y mil veces porque lo vales as\u00ed que lo mismo te da que te da lo mismo c\u00f3mo se llame, <em>touch\u00e9<\/em>.<\/p>\n<p style=\"text-align: justify;\"><strong>Cinco. Vanidad femenina o masculina.<\/strong><\/p>\n<p style=\"text-align: justify;\">La juventud de estos d\u00edas es mejor en todo que la de antes pero peor en casi todo que la de ma\u00f1ana (esta m\u00e1xima es aplicable a cada generaci\u00f3n <em>sine die<\/em>). Las f\u00e9minas, si algo requeteodian es que venga <strong>un tio<\/strong> y:<\/p>\n<p><em><span style=\"font-size: large;\">They call me &#8216;hell&#8217;<\/span><\/em><br \/>\n<em><span style=\"font-size: large;\"> They call me &#8216;Stacey&#8217;<\/span><\/em><br \/>\n<em><span style=\"font-size: large;\"> They call me &#8216;her&#8217;<\/span><\/em><br \/>\n<em><span style=\"font-size: large;\"> They call me &#8216;Jane&#8217;<\/span><\/em><br \/>\n<em><span style=\"font-size: large;\"> That&#8217;s not my name<\/span><\/em><br \/>\n<em><span style=\"font-size: large;\"> That&#8217;s not my name<\/span><\/em><br \/>\n<em><span style=\"font-size: large;\"> That&#8217;s not my name<\/span><\/em><br \/>\n<em><span style=\"font-size: large;\"> That&#8217;s not my name<\/span><\/em><\/p>\n<p style=\"text-align: justify;\">o que conviertan su nombre (su identidad) en un adjetivo:<\/p>\n<p><em><span style=\"font-size: large;\">They call me &#8216;quiet girl&#8217;<\/span><\/em><br \/>\n<em><span style=\"font-size: large;\"> But I&#8217;m a riot<\/span><\/em><br \/>\n<em><span style=\"font-size: large;\"> Maybe &#8216;Joleisa&#8217;<\/span><\/em><br \/>\n<em><span style=\"font-size: large;\"> Always the same<\/span><\/em><br \/>\n<em><span style=\"font-size: large;\"> That&#8217;s not my name<\/span><\/em><br \/>\n<em><span style=\"font-size: large;\"> That&#8217;s not my name<\/span><\/em><br \/>\n<em><span style=\"font-size: large;\"> That&#8217;s not my name<\/span><\/em><br \/>\n<em><span style=\"font-size: large;\"> That&#8217;s not my name <\/span><\/em><\/p>\n<p style=\"text-align: justify;\">Esa rabia contenida por no querer dar o que no conozcan nuestro nombre que puede llevarnos desde lo solemne (una manifestaci\u00f3n) a lo vanal (el coqueteo) o la falta de respeto (lo mismo ocurre con mujeres que les encanta poner motes a los tios) es el pan nuestro de cada d\u00eda. Malditos burgueses y su hipocres\u00eda social. Me veo gritando &#8220;ese no es mi nombre&#8221; con esta energ\u00eda y convicci\u00f3n como grito revolucionario y como reivindicaci\u00f3n social personal. Como una navaja suiza ling\u00fc\u00edstica.<\/p>\n<p style=\"text-align: justify;\">Moraleja: no oir seis veces seguidas la canci\u00f3n de los <em>Ting Tings<\/em> mientras hago deporte porque luego tengo que inventarme algo para que parezca que primero fue el huevo y luego la gallina (\u00bfo era al rev\u00e9s?). \ud83d\ude00<\/p>\n<p style=\"text-align: justify;\"><object width=\"640\" height=\"390\"><param name=\"movie\" value=\"http:\/\/www.youtube.com\/v\/v1c2OfAzDTI?fs=1&amp;hl=es_ES&amp;rel=0\"><\/param><param name=\"allowFullScreen\" value=\"true\"><\/param><param name=\"allowscriptaccess\" value=\"always\"><\/param><embed src=\"http:\/\/www.youtube.com\/v\/v1c2OfAzDTI?fs=1&amp;hl=es_ES&amp;rel=0\" type=\"application\/x-shockwave-flash\" allowscriptaccess=\"always\" allowfullscreen=\"true\" width=\"640\" height=\"390\"><\/embed><\/object><\/p>\n<p style=\"text-align: justify;\"><span style=\"font-size: x-small;\"><strong>Imagen: <a href=\"http:\/\/arassara.wordpress.com\" target=\"_blank\">arassara.wordpress.com.<\/a><\/strong><\/span><\/p>\n<p style=\"text-align: center;\">[email_link]\n","protected":false},"excerpt":{"rendered":"<p>Uno. Ulises. Las manifestaciones en contra de un r\u00e9gimen son tambi\u00e9n una forma de negaci\u00f3n: redise\u00f1an nuestra identidad porque limitar nuestras libertades conforma una nueva realidad ajena. &#8220;Ese no soy yo&#8221; equivale a decir &#8220;dices mi nombre y crees conocerme, pero ese no soy yo&#8221;, &#8220;yo soy yo&#8221;. Ulises, cuando es interrogado por el C\u00edclope, evita darle su nombre. Esto[&#8230;]<\/p>\n","protected":false},"author":1,"featured_media":0,"comment_status":"open","ping_status":"open","sticky":false,"template":"","format":"standard","meta":{"footnotes":""},"categories":[10],"tags":[594,1187,1568,1957,2081,2639,2862,3240,3258,3353],"class_list":["post-8060","post","type-post","status-publish","format-standard","hentry","category-la-ciudad-reflexiva","tag-ciclope","tag-ese-no-es-mi-nombre","tag-homero","tag-libia","tag-manifestacion","tag-policia","tag-revolucion","tag-thats-not-my-name","tag-the-ting-tings","tag-ulises"],"_links":{"self":[{"href":"https:\/\/escribocreativo.com\/blog\/wp-json\/wp\/v2\/posts\/8060","targetHints":{"allow":["GET"]}}],"collection":[{"href":"https:\/\/escribocreativo.com\/blog\/wp-json\/wp\/v2\/posts"}],"about":[{"href":"https:\/\/escribocreativo.com\/blog\/wp-json\/wp\/v2\/types\/post"}],"author":[{"embeddable":true,"href":"https:\/\/escribocreativo.com\/blog\/wp-json\/wp\/v2\/users\/1"}],"replies":[{"embeddable":true,"href":"https:\/\/escribocreativo.com\/blog\/wp-json\/wp\/v2\/comments?post=8060"}],"version-history":[{"count":0,"href":"https:\/\/escribocreativo.com\/blog\/wp-json\/wp\/v2\/posts\/8060\/revisions"}],"wp:attachment":[{"href":"https:\/\/escribocreativo.com\/blog\/wp-json\/wp\/v2\/media?parent=8060"}],"wp:term":[{"taxonomy":"category","embeddable":true,"href":"https:\/\/escribocreativo.com\/blog\/wp-json\/wp\/v2\/categories?post=8060"},{"taxonomy":"post_tag","embeddable":true,"href":"https:\/\/escribocreativo.com\/blog\/wp-json\/wp\/v2\/tags?post=8060"}],"curies":[{"name":"wp","href":"https:\/\/api.w.org\/{rel}","templated":true}]}}