{"id":8320,"date":"2011-05-16T13:07:46","date_gmt":"2011-05-16T12:07:46","guid":{"rendered":"http:\/\/poesiamas.net\/blog\/?p=8320"},"modified":"2011-05-16T13:07:46","modified_gmt":"2011-05-16T12:07:46","slug":"representan-mi-obra-la-caida-de-patricia","status":"publish","type":"post","link":"https:\/\/escribocreativo.com\/blog\/2011\/05\/16\/representan-mi-obra-la-caida-de-patricia\/","title":{"rendered":"Representan mi obra La ca\u00edda de Patricia"},"content":{"rendered":"<p style=\"text-align: justify;\">Nada, que me han llamado del Consejo Social de la Universidad de Las Palmas para decirme que la gente del Aula de Teatro de la ULPGC ha elegido mi obra para representarla.<\/p>\n<p style=\"text-align: justify;\">La secretaria me dijo: &#8220;una adaptaci\u00f3n&#8221;. As\u00ed que tendr\u00e9 que ir este jueves con mi dignidad autoral y enfadarme mucho much\u00edsimo por tocar una sola coma. \ud83d\ude00<\/p>\n<p style=\"text-align: justify;\">Me <strong>emociona<\/strong> -much\u00ediiisimo m\u00e1s que el pavo absurdo del orgullo o el ego- eso de ver algo que escribo representado por personas porque implica que para ellos tiene un sentido. \u00a1Estoy contento! Y porque as\u00ed de paso me la explican porque no la entiendo ni yo. \ud83d\ude00<\/p>\n<p style=\"text-align: justify;\">Ir\u00e9 a verla y ya contar\u00e9, a ver si la graban y puedo subirla a Youtube. En cuanto vea al actor sobre el sof\u00e1 con su bomb\u00edn y su bast\u00f3n, en bata, soltando el &#8220;parlamento&#8221; con el que introduce el primer acto y vea que dice \u00a1lo que yo le orden\u00e9 que dijera! me va a dar un&#8230; subid\u00f3n subid\u00f3n. \ud83d\ude00<\/p>\n<p style=\"text-align: justify;\">Y lo voy a celebrar con Mr. Dabad\u00e1, amigo m\u00edo de toda la vida. \ud83d\ude00<\/p>\n<p style=\"text-align: center;\"><object width=\"480\" height=\"390\"><param name=\"movie\" value=\"http:\/\/www.youtube.com\/v\/3JTjWY8RwUQ?fs=1&amp;hl=es_ES&amp;rel=0\"><\/param><param name=\"allowFullScreen\" value=\"true\"><\/param><param name=\"allowscriptaccess\" value=\"always\"><\/param><embed src=\"http:\/\/www.youtube.com\/v\/3JTjWY8RwUQ?fs=1&amp;hl=es_ES&amp;rel=0\" type=\"application\/x-shockwave-flash\" width=\"480\" height=\"390\" allowscriptaccess=\"always\" allowfullscreen=\"true\"><\/embed><\/object>;<\/p>\n<p style=\"text-align: center;\">[email_link]\n","protected":false},"excerpt":{"rendered":"<p>Nada, que me han llamado del Consejo Social de la Universidad de Las Palmas para decirme que la gente del Aula de Teatro de la ULPGC ha elegido mi obra para representarla. La secretaria me dijo: &#8220;una adaptaci\u00f3n&#8221;. As\u00ed que tendr\u00e9 que ir este jueves con mi dignidad autoral y enfadarme mucho much\u00edsimo por tocar una sola coma. \ud83d\ude00 Me[&#8230;]<\/p>\n","protected":false},"author":1,"featured_media":0,"comment_status":"open","ping_status":"open","sticky":false,"template":"","format":"standard","meta":{"footnotes":""},"categories":[10],"tags":[244,1801,1841,2683,2839,3354],"class_list":["post-8320","post","type-post","status-publish","format-standard","hentry","category-la-ciudad-reflexiva","tag-aula-de-teatro","tag-julio-caballero","tag-la-caida-de-patricia","tag-premio-de-teatro","tag-representacion","tag-ulpgc"],"_links":{"self":[{"href":"https:\/\/escribocreativo.com\/blog\/wp-json\/wp\/v2\/posts\/8320","targetHints":{"allow":["GET"]}}],"collection":[{"href":"https:\/\/escribocreativo.com\/blog\/wp-json\/wp\/v2\/posts"}],"about":[{"href":"https:\/\/escribocreativo.com\/blog\/wp-json\/wp\/v2\/types\/post"}],"author":[{"embeddable":true,"href":"https:\/\/escribocreativo.com\/blog\/wp-json\/wp\/v2\/users\/1"}],"replies":[{"embeddable":true,"href":"https:\/\/escribocreativo.com\/blog\/wp-json\/wp\/v2\/comments?post=8320"}],"version-history":[{"count":0,"href":"https:\/\/escribocreativo.com\/blog\/wp-json\/wp\/v2\/posts\/8320\/revisions"}],"wp:attachment":[{"href":"https:\/\/escribocreativo.com\/blog\/wp-json\/wp\/v2\/media?parent=8320"}],"wp:term":[{"taxonomy":"category","embeddable":true,"href":"https:\/\/escribocreativo.com\/blog\/wp-json\/wp\/v2\/categories?post=8320"},{"taxonomy":"post_tag","embeddable":true,"href":"https:\/\/escribocreativo.com\/blog\/wp-json\/wp\/v2\/tags?post=8320"}],"curies":[{"name":"wp","href":"https:\/\/api.w.org\/{rel}","templated":true}]}}