{"id":8337,"date":"2011-05-25T21:06:55","date_gmt":"2011-05-25T20:06:55","guid":{"rendered":"http:\/\/poesiamas.net\/blog\/?p=8337"},"modified":"2011-05-25T21:06:55","modified_gmt":"2011-05-25T20:06:55","slug":"el-mapa-azul-de-las-elecciones-acampando","status":"publish","type":"post","link":"https:\/\/escribocreativo.com\/blog\/2011\/05\/25\/el-mapa-azul-de-las-elecciones-acampando\/","title":{"rendered":"El mapa azul de las elecciones: acampando"},"content":{"rendered":"<p style=\"text-align: justify;\"><a href=\"https:\/\/escribocreativo.com\/blog\/wp-content\/uploads\/2011\/05\/15M_Logo.jpg\"><img loading=\"lazy\" decoding=\"async\" class=\"aligncenter size-full wp-image-8338\" title=\"15M_Logo\" src=\"https:\/\/escribocreativo.com\/blog\/wp-content\/uploads\/2011\/05\/15M_Logo.jpg\" alt=\"\" width=\"339\" height=\"271\" \/><\/a>Es dif\u00edcil de asimilar que la propia derecha de la derecha tenga una fijaci\u00f3n con Mariano Rajoy Brey, como le llama Federico Jim\u00e9nez Losantos.<\/p>\n<p style=\"text-align: justify;\">Entre otras, al ganador de las elecciones de forma arrolladora, le echan en cara su nula petici\u00f3n de reivindicaciones: ni ha puesto el grito en el cielo por la no legalizaci\u00f3n de Bildu, no ha pedido inmediatamente elecciones anticipadas tras su victoria, y parece que se conforma con que le venga la coronaci\u00f3n mientras yace en la poltrona. Curioso que sea este mismo el reproche de los socialistas: que no da propuestas.<\/p>\n<p style=\"text-align: justify;\">Visto lo visto, le ha ido tan bien con esta estrategia -y probablemente la crisis econ\u00f3mica- que no se sabe qu\u00e9 hubiera sido mejor para el PSOE: aguardar un a\u00f1o, como parece que van a hacer, para poder disputarle el gobierno al PP, o anticipar cuanto antes las elecciones para que en un a\u00f1o la ciudadan\u00eda compruebe que con el PP tampoco hay mucho m\u00e1s que hacer porque no hay dinero en la hucha.<\/p>\n<p style=\"text-align: justify;\"><!--more--><\/p>\n<p style=\"text-align: justify;\">En medio se ha metido un grupo de ciudadanos que, descontentos, han salido a manifestarse pac\u00edficamente. Pero ya toca transformarlo en otra cosa. Visto lo visto, no parece que vayan a crear un partido pol\u00edtico, lo que considero un craso error. Ese idealismo de que el ciudadano an\u00f3nimo y as\u00e9ptico ideol\u00f3gicamente puede confluir en ideas durante un periodo de tiempo largo no me convence. Lo dijo mi adorado P\u00e9rez-Reverte, que lo ve como una guerra de guerrillas: no como una lucha de largo tiempo, sino como un asalto espont\u00e1neo que de miedo a esos &#8220;hijos de puta&#8221; porque pueden saltar en cualquier momento. \ud83d\ude00<\/p>\n<p style=\"text-align: justify;\">En Las Palmas el asunto no pinta bien. Es mala \u00e9poca: los j\u00f3venes estudiando, la ciudadan\u00eda que trabajaba en paro, y hay poco dinero para hacer demasiados esfuerzos. Los que tienen trabajo lo deben conservar, y hay familias que mantener y vida que hacer.<\/p>\n<p style=\"text-align: justify;\">El voto ser\u00eda un lugar democr\u00e1tico com\u00fan para encauzar este movimiento, tal y como lo veo. Lo dem\u00e1s me parece m\u00e1s un canto al sol. He le\u00eddo de todo: desde frases del tipo &#8220;el pueblo est\u00e1 con nosotros, vamos a conseguirlo&#8221; a &#8220;la revoluci\u00f3n es imparable&#8221;. A continuaci\u00f3n te dicen que son 30 o poco m\u00e1s acampados en Las Palmas, que tienen asambleas que toman decisiones (\u00bfconvocadas por qui\u00e9n?, \u00bfa qui\u00e9n representan?) de tipo &#8220;vamos a seguir acampando, vamos a hacer un curso de primeros auxilios, por favor lleven comida, vamos a dar charlas informativas en la universidad, vamos a hacer carteles&#8221;, etc., pero ya conformados como un &#8220;a mi modo o contra el m\u00edo&#8221;, de tal forma que mucha gente se est\u00e1 dando de baja del grupo de Facebook que aglutina un poco esta idea y de los m\u00e1s de 2000 asociados apenas 30 o 40 asoman su nariz asiduamente por all\u00ed.<\/p>\n<p style=\"text-align: justify;\">Del resto nunca se supo aunque me consta que est\u00e1n apoyando el movimiento. Lo que no s\u00e9 si apoyar\u00edan es que no se cuenta con ellos sino que los acampados,<em> autoorganiz\u00e1ndose<\/em>, van por libre. Algunos sugieren retirar 150\u20ac un d\u00eda concreto y el que no pueda un m\u00faltiplo. Dos mujeres dicen que apenas llegan a fin de mes y que no pueden, pero que tal y como est\u00e1 el tema no creen que mucha gente se pueda apuntar.<\/p>\n<p style=\"text-align: justify;\">Uno de los agitadores del grupo resuelve r\u00e1pidamente con otro canto al sol: &#8220;no te preocupes, seremos muchos, tendremos dinero en efectivo en la calle que eso es lo que les duele&#8221;. Lo dice como si fueran a sacar noventa millones de euros de los bancos canarios.<\/p>\n<p style=\"text-align: justify;\">As\u00ed est\u00e1 la cosa: entre la marea azul, el cad\u00e1ver pol\u00edtico que ha resultado Zapatero, que ahora resulta hasta rid\u00edculo mirar sus esl\u00f3ganes e idealismos cuando el viento le iba de cara, y la indecisi\u00f3n de un movimiento que muchos ciudadanos comparten y que tal vez convertido en partido pol\u00edtico podr\u00eda aglutinar acciones concretas dentro de un a\u00f1o.<\/p>\n<p style=\"text-align: justify;\">Pero para eso tiene que pasar un milagro.<\/p>\n<p style=\"text-align: center;\">[email_link]\n","protected":false},"excerpt":{"rendered":"<p>Es dif\u00edcil de asimilar que la propia derecha de la derecha tenga una fijaci\u00f3n con Mariano Rajoy Brey, como le llama Federico Jim\u00e9nez Losantos. Entre otras, al ganador de las elecciones de forma arrolladora, le echan en cara su nula petici\u00f3n de reivindicaciones: ni ha puesto el grito en el cielo por la no legalizaci\u00f3n de Bildu, no ha pedido[&#8230;]<\/p>\n","protected":false},"author":1,"featured_media":0,"comment_status":"open","ping_status":"open","sticky":false,"template":"","format":"standard","meta":{"footnotes":""},"categories":[10],"tags":[23,57,252,747,861,1090,1906,2505,2667,2732,3068,3466],"class_list":["post-8337","post","type-post","status-publish","format-standard","hentry","category-la-ciudad-reflexiva","tag-15m","tag-acampada","tag-autonomicas","tag-corrupcion","tag-democracia","tag-elecciones-2001","tag-las-palmas-de-gran-canaria","tag-partido","tag-pp","tag-psoe","tag-sistema","tag-voto"],"_links":{"self":[{"href":"https:\/\/escribocreativo.com\/blog\/wp-json\/wp\/v2\/posts\/8337","targetHints":{"allow":["GET"]}}],"collection":[{"href":"https:\/\/escribocreativo.com\/blog\/wp-json\/wp\/v2\/posts"}],"about":[{"href":"https:\/\/escribocreativo.com\/blog\/wp-json\/wp\/v2\/types\/post"}],"author":[{"embeddable":true,"href":"https:\/\/escribocreativo.com\/blog\/wp-json\/wp\/v2\/users\/1"}],"replies":[{"embeddable":true,"href":"https:\/\/escribocreativo.com\/blog\/wp-json\/wp\/v2\/comments?post=8337"}],"version-history":[{"count":0,"href":"https:\/\/escribocreativo.com\/blog\/wp-json\/wp\/v2\/posts\/8337\/revisions"}],"wp:attachment":[{"href":"https:\/\/escribocreativo.com\/blog\/wp-json\/wp\/v2\/media?parent=8337"}],"wp:term":[{"taxonomy":"category","embeddable":true,"href":"https:\/\/escribocreativo.com\/blog\/wp-json\/wp\/v2\/categories?post=8337"},{"taxonomy":"post_tag","embeddable":true,"href":"https:\/\/escribocreativo.com\/blog\/wp-json\/wp\/v2\/tags?post=8337"}],"curies":[{"name":"wp","href":"https:\/\/api.w.org\/{rel}","templated":true}]}}