{"id":8342,"date":"2011-05-27T12:32:08","date_gmt":"2011-05-27T11:32:08","guid":{"rendered":"http:\/\/poesiamas.net\/blog\/?p=8342"},"modified":"2015-03-14T00:51:04","modified_gmt":"2015-03-14T00:51:04","slug":"video-de-la-obra-la-caida-de-patricia-en-la-ulpgc","status":"publish","type":"post","link":"https:\/\/escribocreativo.com\/blog\/2011\/05\/27\/video-de-la-obra-la-caida-de-patricia-en-la-ulpgc\/","title":{"rendered":"V\u00eddeo de la obra La ca\u00edda de Patricia en la ULPGC"},"content":{"rendered":"<p style=\"text-align: justify;\">Fue como cuando te dan el primer beso. Cuando, en tercera fila, veo a la actriz decir las primeras palabras escritas por m\u00ed&#8230; Esa sensaci\u00f3n&#8230; Buff&#8230; Un jueves afortunado del mes de mayo un elenco de maravillosas actrices ha representado una adaptaci\u00f3n, gracias a la brillante direcci\u00f3n de Patricia Sol\u00eds, de <em>La ca\u00edda de Patricia<\/em>, obra escrita por Julio Caballero (una persona de esas que ve un folio en blanco y lo mancha de negro). \ud83d\ude00<\/p>\n<p style=\"text-align: justify;\">Esta versi\u00f3n es un <strong><em>work in progress<\/em><\/strong>, es decir, hemos cogido al grupo de teatro del Aula de la Universidad en su trabajo de ensayos y hemos observado c\u00f3mo est\u00e1n trabajando la obra. Esto significa que faltan ensayos, posibles modificaciones o reestructuraciones de la directora, etc. Pero, con todos estos matices, el trabajo es muy bueno y as\u00ed se coment\u00f3 por el p\u00fablico asistente al final de la representaci\u00f3n. \u00a1Enhorabuena a todos!<\/p>\n<p style=\"text-align: justify;\"><!--more--><\/p>\n<p style=\"text-align: justify;\">Lo mejor ha sido la felicitaci\u00f3n de los amigos, la familia y tambi\u00e9n de parte del profesorado de la universidad que me ha enviado un correo personal felicit\u00e1ndome. Se baraja la idea de presentar la obra en Navidad, ya con el trabajo del resto del a\u00f1o por delante y la direcci\u00f3n maravillosa de Roc\u00edo Sol\u00eds, que ha deconstruido mi obra y ha realizado, respetando al cien por cien los di\u00e1logos, una obra contempor\u00e1nea, imbuida en el postmodernismo y en clave de <em>performance<\/em>.<\/p>\n<p style=\"text-align: justify;\">Uno, novato en estas cuestiones, va aprendiendo: cuando una directora te dice que te ha deconstruido la obra lo que quiere decirte, para que no la traspases con la mirada, es que ha hecho con ella lo que ha querido. \ud83d\ude00<\/p>\n<p style=\"text-align: justify;\">Por cierto, tambi\u00e9n he aprendido que entre un texto y la representaci\u00f3n teatral hay un abismo de diferencia. Me he dado cuenta de muchos detalles que tendr\u00e9 en cuenta gracias a Roc\u00edo y en lo complejo que es escribir teatro contempor\u00e1neo. Esto me sirve de ayuda para futuros proyectos y espero seguir aprendiendo de este arte esc\u00e9nico que es muy adictivo.<\/p>\n<p style=\"text-align: justify;\">Tambi\u00e9n tengo que dar las gracias a la Dra. Carmen M\u00e1rquez por dos razones: una, por el esfuerzo y las ganas que pone en el Aula de Teatro de la ULPGC y en su difusi\u00f3n del teatro y la cultura en Canarias y entre Canarias y la Pen\u00ednsula, y por otra por la delicadeza de llamarme dramaturgo en la presentaci\u00f3n del acto y de insistir en que saliera a escena al finalizar la obra junto a las actrices y la directora cuando yo le hab\u00eda rogado que &#8220;\u00a1no se le ocurra hacerme salir para decir nada!&#8221;. \ud83d\ude00<\/p>\n<p style=\"text-align: justify;\">En cuanto a la grabaci\u00f3n, fue grabada con una c\u00e1mara digital de fotos y no capta la intensidad de las luces -los rojos, la cara de las actrices iluminadas con un foco de luz cuando las amordazan con la cinta roja, etc-., pero esperemos que pueda salir adelante el proyecto y grabarlo si hay ocasi\u00f3n con una c\u00e1mara adecuada. Y el sonido, claro, que era m\u00e1s n\u00edtido: aqu\u00ed s\u00ed que se nota m\u00e1s las limitaciones de la c\u00e1mara. \u00a1Pero al menos tenemos una copia! Para cuando sea viejito y les diga a los nietos &#8220;mira mira qu\u00e9 cosas escrib\u00eda&#8221; y ellos me respondan &#8220;abuelo, c\u00f3mete la papilla y deja de molestar&#8221;. \ud83d\ude00<\/p>\n<p style=\"text-align: center;\"><span style=\"font-size: x-large;\"><strong>La ca\u00edda de Patricia<\/strong><\/span><\/p>\n<p><object width=\"640\" height=\"510\" classid=\"clsid:d27cdb6e-ae6d-11cf-96b8-444553540000\" codebase=\"http:\/\/download.macromedia.com\/pub\/shockwave\/cabs\/flash\/swflash.cab#version=6,0,40,0\"><param name=\"allowFullScreen\" value=\"true\" \/><param name=\"allowscriptaccess\" value=\"always\" \/><param name=\"src\" value=\"http:\/\/www.youtube.com\/v\/q7Sxm2vN2FA?fs=1&amp;hl=es_ES&amp;rel=0\" \/><param name=\"allowfullscreen\" value=\"true\" \/><embed width=\"640\" height=\"510\" type=\"application\/x-shockwave-flash\" src=\"http:\/\/www.youtube.com\/v\/q7Sxm2vN2FA?fs=1&amp;hl=es_ES&amp;rel=0\" allowFullScreen=\"true\" allowscriptaccess=\"always\" allowfullscreen=\"true\" \/><\/object><br \/>\n<em>Direcci\u00f3n y adaptaci\u00f3n<\/em>: <strong>Roc\u00edo Sol\u00eds.<\/strong><\/p>\n<blockquote>\n<p style=\"text-align: justify;\"><span style=\"font-size: small;\">La compa\u00f1\u00eda <strong>Nomad<\/strong> nace en mayo del 2000 en M\u00e1laga (Espa\u00f1a). Roc\u00edo Sol\u00eds, de amplia trayectoria profesional,\u00a0 re\u00fane a creadores para crear un proyecto singular; asientan las bases de la compa\u00f1\u00eda en la b\u00fasqueda de un nuevo lenguaje esc\u00e9nico en colaboraci\u00f3n con artistas y creadores internacionales.<\/span><\/p>\n<p style=\"text-align: justify;\"><span style=\"font-size: small;\">Los proyectos de la compa\u00f1\u00eda tienen un claro compromiso social e investigan sobre el papel de los artistas en situaciones de conflicto. Las acciones de Nomad no pretenden realizar juicios morales ni \u00e9ticos, sino plantear el conflicto desde una reflexi\u00f3n,\u00a0 con las herramientas art\u00edsticas que utilizan los creadores y acercarnos\u00a0 desde otra perspectiva. El objetivo es transformar la mirada para ayudarnos a imaginar nuevas formas de pensamiento.<\/span><\/p>\n<p style=\"text-align: justify;\"><span style=\"font-size: small;\">Nomad Teatro ha llevado a cabo\u00a0 2 performances, proyectos de investigaci\u00f3n y experimentaci\u00f3n esc\u00e9nica \u201c<em>El Espejo Cambiante<\/em>\u201d, 2007 (Espa\u00f1a-Serbia-Italia) y \u201c<em>Las sin Tierra: 7 intentos de cruzar el Estrecho<\/em>\u201d, 2001 (Espa\u00f1a-Wales).<\/span><\/p>\n<p style=\"text-align: justify;\"><span style=\"font-size: small;\">Ha realizado giras internacionales en: Serbia, Brasil, Suecia, Colombia, Argentina, Australia, Dinamarca, Alemania, Italia,Wales,\u2026<\/span><\/p>\n<\/blockquote>\n<p style=\"text-align: justify;\"><em>Actrices<\/em>: <strong>Laura Arrazola, Mar\u00eda Eugenia Guerra, Almudena Embi Nicol\u00e1s, Mar\u00eda Henr\u00edquez Betancor, Graciela Santana Guerra, Rita Hern\u00e1ndez Rivero, Laia Pic\u00f3 Buch, Rita Luc\u00eda Dios Cores<\/strong>.<\/p>\n<p><em>Dramaturgo<\/em>: Julio Caballero.<\/p>\n<p><span style=\"text-decoration: underline;\"><strong><em>Recortes de prensa.<\/em><\/strong><\/span><\/p>\n<p><em>El Pa\u00eds<\/em>: Pol\u00e9mica en <em>La ca\u00edda de Patricia<\/em>. La directora, Roc\u00edo Sol\u00eds, pidi\u00f3 escolta cuando se enter\u00f3 que el autor iba a acudir al ensayo.<\/p>\n<p><em>ABC<\/em>: Un grupo de hippys se re\u00fane para atentar al buen gusto en una obra sociata y antimon\u00e1rquica.<\/p>\n<p><em>La Repubblica<\/em>: \u00c9xito apote\u00f3sico de <em>La ca\u00edda de Patricia <\/em>en la <em>Scala<\/em>. Berlusconi: &#8220;quiero invitar a las actrices a una de mis fiestas&#8221;.<\/p>\n<p><em>Bild<\/em>: <em>La ca\u00edda de Patricia <\/em>representa el <em>zeitgeist<\/em> de estos tiempos, anunci\u00f3 \u00c1ngela Merkel en el Bundestag.<\/p>\n<p><em>L&#8217;Monde<\/em>: El teatro universitario, a la altura est\u00e9tica y de denuncia burguesa de\u00a0<em>La cantante calva<\/em> con <em>La ca\u00edda de Patricia.<\/em><\/p>\n<p><em>New York Times<\/em>: La directora, las actrices y el dramaturgo de <em>La ca\u00edda de Patricia<\/em> inauguran una estrella en <em>Hollywood<\/em>.<\/p>\n<p><em>The Sun<\/em>: <em>Affaire<\/em> entre las actrices y el dramaturgo de <em>La ca\u00edda de Patricia<\/em>. El dramaturgo se defiende: &#8220;me era del todo imposible elegir solo a una&#8221;. \ud83d\ude00<br \/>\n\n<p style=\"text-align: center;\">[email_link]\n","protected":false},"excerpt":{"rendered":"<p>Fue como cuando te dan el primer beso. Cuando, en tercera fila, veo a la actriz decir las primeras palabras escritas por m\u00ed&#8230; Esa sensaci\u00f3n&#8230; Buff&#8230; Un jueves afortunado del mes de mayo un elenco de maravillosas actrices ha representado una adaptaci\u00f3n, gracias a la brillante direcci\u00f3n de Patricia Sol\u00eds, de La ca\u00edda de Patricia, obra escrita por Julio Caballero[&#8230;]<\/p>\n","protected":false},"author":1,"featured_media":0,"comment_status":"open","ping_status":"open","sticky":false,"template":"","format":"standard","meta":{"footnotes":""},"categories":[3608],"tags":[1350,1841,2839,2899,3199,3354,3430],"class_list":["post-8342","post","type-post","status-publish","format-standard","hentry","category-literatura","tag-fotos","tag-la-caida-de-patricia","tag-representacion","tag-rocio-solis","tag-teatro-nomad","tag-ulpgc","tag-video"],"_links":{"self":[{"href":"https:\/\/escribocreativo.com\/blog\/wp-json\/wp\/v2\/posts\/8342","targetHints":{"allow":["GET"]}}],"collection":[{"href":"https:\/\/escribocreativo.com\/blog\/wp-json\/wp\/v2\/posts"}],"about":[{"href":"https:\/\/escribocreativo.com\/blog\/wp-json\/wp\/v2\/types\/post"}],"author":[{"embeddable":true,"href":"https:\/\/escribocreativo.com\/blog\/wp-json\/wp\/v2\/users\/1"}],"replies":[{"embeddable":true,"href":"https:\/\/escribocreativo.com\/blog\/wp-json\/wp\/v2\/comments?post=8342"}],"version-history":[{"count":0,"href":"https:\/\/escribocreativo.com\/blog\/wp-json\/wp\/v2\/posts\/8342\/revisions"}],"wp:attachment":[{"href":"https:\/\/escribocreativo.com\/blog\/wp-json\/wp\/v2\/media?parent=8342"}],"wp:term":[{"taxonomy":"category","embeddable":true,"href":"https:\/\/escribocreativo.com\/blog\/wp-json\/wp\/v2\/categories?post=8342"},{"taxonomy":"post_tag","embeddable":true,"href":"https:\/\/escribocreativo.com\/blog\/wp-json\/wp\/v2\/tags?post=8342"}],"curies":[{"name":"wp","href":"https:\/\/api.w.org\/{rel}","templated":true}]}}