{"id":8369,"date":"2011-06-10T02:29:01","date_gmt":"2011-06-10T01:29:01","guid":{"rendered":"http:\/\/poesiamas.net\/blog\/?p=8369"},"modified":"2011-06-10T02:29:01","modified_gmt":"2011-06-10T01:29:01","slug":"francia-prohibe-las-palabras-facebook-y-twitter","status":"publish","type":"post","link":"https:\/\/escribocreativo.com\/blog\/2011\/06\/10\/francia-prohibe-las-palabras-facebook-y-twitter\/","title":{"rendered":"Francia proh\u00edbe las palabras Facebook y Twitter"},"content":{"rendered":"<p style=\"text-align: justify;\"><a href=\"https:\/\/escribocreativo.com\/blog\/wp-content\/uploads\/2011\/06\/507px-France_Flag_Map_svg.png\"><img loading=\"lazy\" decoding=\"async\" class=\"aligncenter size-medium wp-image-8370\" title=\"507px-France_Flag_Map_svg\" src=\"https:\/\/escribocreativo.com\/blog\/wp-content\/uploads\/2011\/06\/507px-France_Flag_Map_svg-292x300.png\" alt=\"\" width=\"292\" height=\"300\" \/><\/a>Esto es algo que no se escuchar\u00e1 en las noticias de la televisi\u00f3n francesa hoy en d\u00eda: &#8220;Para obtener m\u00e1s informaci\u00f3n sobre el proceso en EE.UU. de Dominique Strauss-Kahn, s\u00edganos en Twitter.&#8221;<\/p>\n<p style=\"text-align: justify;\">Los reguladores franceses han prohibido las palabras &#8220;Facebook&#8221; y &#8220;Twitter&#8221; de la televisi\u00f3n y la radio a menos que tales palabras se utilizan para referirse a las propias empresas en las noticias.<\/p>\n<p><!--more--><\/p>\n<p style=\"text-align: justify;\">El regulador, el Conseil Sup\u00e9rieur audiovisual franc\u00e9s, dice que es &#8220;clandestina&#8221; esa publicidad y viola un decreto de 1992 que estipula que las empresas comerciales no deben ser promovidas en los programas de noticias.<\/p>\n<p style=\"text-align: justify;\">\u00bfPuede la prohibici\u00f3n explicarse por razones legales? \u00bfO hay otras consideraciones que podr\u00edan estar implicadas en esta decisi\u00f3n francesa? En algunas ocasiones Francia, tan querida de s\u00ed misma -y tiene motivos culturales para hacerlo- se ofrece como &#8220;tap\u00f3n&#8221; de la invasi\u00f3n diaria de lo estadounidense.<\/p>\n<p style=\"text-align: justify;\">En Espa\u00f1a, el quinto o sexto pa\u00eds del mundo con m\u00e1s internautas, costar\u00eda imaginar a un periodista sin alguna de las dos redes sociales, y no deben haber muchos medios que carezcan de ambos.\u00a0 \u00bfAsistimos al paso previo ineludible de regular la red como se regula la vida no virtual? \u00bfO acaso Francia vive en el anacronismo de Montesquieu y Rousseau y la &#8220;vieja francia&#8221; elitista se resiste a aceptar los cambios sociales?<\/p>\n<p style=\"text-align: justify;\">\u00bfY t\u00fa, <strong>tienes respuesta a esta decisi\u00f3n?<\/strong> La tengas o no, te dejo con este cl\u00e1sico de Spyro Gyra, <em>Morning Dance<\/em>, una canci\u00f3n que siempre he tenido para comenzar el d\u00eda como Dios -o Marx- mandan&#8230; \u00a1y no olvides de supermineralizarte y vitaminarte! \ud83d\ude00<\/p>\n<p style=\"text-align: center;\"><object width=\"640\" height=\"510\"><param name=\"movie\" value=\"http:\/\/www.youtube.com\/v\/nc5Zatu7gH4?version=3&amp;hl=es_ES&amp;rel=0\" \/><param name=\"allowFullScreen\" value=\"true\" \/><param name=\"allowscriptaccess\" value=\"always\" \/><embed type=\"application\/x-shockwave-flash\" width=\"640\" height=\"510\" src=\"http:\/\/www.youtube.com\/v\/nc5Zatu7gH4?version=3&amp;hl=es_ES&amp;rel=0\" allowscriptaccess=\"always\" allowfullscreen=\"true\"><\/embed><\/object><\/p>\n<p style=\"text-align: center;\">[email_link]\n","protected":false},"excerpt":{"rendered":"<p>Esto es algo que no se escuchar\u00e1 en las noticias de la televisi\u00f3n francesa hoy en d\u00eda: &#8220;Para obtener m\u00e1s informaci\u00f3n sobre el proceso en EE.UU. de Dominique Strauss-Kahn, s\u00edganos en Twitter.&#8221; Los reguladores franceses han prohibido las palabras &#8220;Facebook&#8221; y &#8220;Twitter&#8221; de la televisi\u00f3n y la radio a menos que tales palabras se utilizan para referirse a las propias[&#8230;]<\/p>\n","protected":false},"author":1,"featured_media":0,"comment_status":"open","ping_status":"open","sticky":false,"template":"","format":"standard","meta":{"footnotes":""},"categories":[10],"tags":[1269,1355,2252,2767,3121,3211,3347],"class_list":["post-8369","post","type-post","status-publish","format-standard","hentry","category-la-ciudad-reflexiva","tag-facebook","tag-francia","tag-morning-dance","tag-radio","tag-spyro-gyra","tag-television","tag-twitter"],"_links":{"self":[{"href":"https:\/\/escribocreativo.com\/blog\/wp-json\/wp\/v2\/posts\/8369","targetHints":{"allow":["GET"]}}],"collection":[{"href":"https:\/\/escribocreativo.com\/blog\/wp-json\/wp\/v2\/posts"}],"about":[{"href":"https:\/\/escribocreativo.com\/blog\/wp-json\/wp\/v2\/types\/post"}],"author":[{"embeddable":true,"href":"https:\/\/escribocreativo.com\/blog\/wp-json\/wp\/v2\/users\/1"}],"replies":[{"embeddable":true,"href":"https:\/\/escribocreativo.com\/blog\/wp-json\/wp\/v2\/comments?post=8369"}],"version-history":[{"count":0,"href":"https:\/\/escribocreativo.com\/blog\/wp-json\/wp\/v2\/posts\/8369\/revisions"}],"wp:attachment":[{"href":"https:\/\/escribocreativo.com\/blog\/wp-json\/wp\/v2\/media?parent=8369"}],"wp:term":[{"taxonomy":"category","embeddable":true,"href":"https:\/\/escribocreativo.com\/blog\/wp-json\/wp\/v2\/categories?post=8369"},{"taxonomy":"post_tag","embeddable":true,"href":"https:\/\/escribocreativo.com\/blog\/wp-json\/wp\/v2\/tags?post=8369"}],"curies":[{"name":"wp","href":"https:\/\/api.w.org\/{rel}","templated":true}]}}