{"id":8376,"date":"2011-06-16T01:48:46","date_gmt":"2011-06-16T00:48:46","guid":{"rendered":"http:\/\/poesiamas.net\/blog\/?p=8376"},"modified":"2011-06-16T01:48:46","modified_gmt":"2011-06-16T00:48:46","slug":"la-crisis-alimentaria-cambio-climatico-y-especulacion","status":"publish","type":"post","link":"https:\/\/escribocreativo.com\/blog\/2011\/06\/16\/la-crisis-alimentaria-cambio-climatico-y-especulacion\/","title":{"rendered":"La crisis alimentaria: cambio clim\u00e1tico y especulaci\u00f3n"},"content":{"rendered":"<p style=\"text-align: justify;\"><a href=\"https:\/\/escribocreativo.com\/blog\/wp-content\/uploads\/2011\/06\/one_food.jpg\"><img loading=\"lazy\" decoding=\"async\" class=\"aligncenter size-full wp-image-8377\" title=\"one_food\" src=\"https:\/\/escribocreativo.com\/blog\/wp-content\/uploads\/2011\/06\/one_food.jpg\" alt=\"\" width=\"387\" height=\"242\" \/><\/a>Lo ha dicho Oxfam: la comunidad internacional padece sonambulismo. El crecimiento en los precios de los alimentos amenazan con una crisis demogr\u00e1fica y social.<\/p>\n<p style=\"text-align: justify;\">El informe <em>Growing a better future<\/em> indica que los precios de los alimentos <strong>b\u00e1sicos<\/strong> pueden incrementarse desde un<\/p>\n<p style=\"text-align: center;\"><span style=\"font-size: x-large;\">120% hasta un 180%<\/span><\/p>\n<p style=\"text-align: justify;\">en 2030, parcialmente como resultado del<strong> cambio clim\u00e1tico <\/strong>pero tambi\u00e9n por <strong>la pobre distribuci\u00f3n<\/strong> y la <strong>especulaci\u00f3n desenfrenada <\/strong>en los mercados de <strong>materias primas<\/strong> por <strong>los grandes bancos y fondos de inversi\u00f3n<\/strong>.<\/p>\n<p style=\"text-align: justify;\"><!--more--><\/p>\n<p style=\"text-align: justify;\">El agua ya es otro de los frentes de batalla y ya se ha alertado sobre la posibilidad de futuras guerras por la escasez de agua (la demanda de agua se incrementar\u00e1 en un <strong>30%<\/strong> en 2030.); pero el otro gran problema es este: c\u00f3mo alimentar no ya al tercer y segundo mundo sino los problemas que se van a crear en el primero.<\/p>\n<p style=\"text-align: justify;\">Cuando brote la crisis que toque dentro de 20 a\u00f1os por la hipertrofia de este capitalismo -si no se nos lleva otra por delante- y nos encontremos con problemas para encontrar alimentos b\u00e1sicos para ciudadanos de rentas bajas, pensionistas, parados, etc. vamos a dejar de pensar en si en \u00c1frica se mueren no se cu\u00e1ntos miles por hora, d\u00eda o mes.<\/p>\n<p style=\"text-align: justify;\">Datos de los gr\u00e1ficos de la revista Time, edici\u00f3n Europa (que es la que yo tengo: este art\u00edculo no aparece en la selecci\u00f3n de la web de Time de esta edici\u00f3n):<\/p>\n<p style=\"text-align: center;\"><span style=\"font-size: small;\"><em><strong><span style=\"text-decoration: underline;\">Personas con problemas de desnutrici\u00f3n: c\u00e1lculo para 2030.<\/span><\/strong><\/em><\/span><\/p>\n<p style=\"text-align: justify;\"><span style=\"font-size: small;\">Asia: 578 millones | \u00c1frica Subsahariana: 239 millones<\/span><br \/>\n<span style=\"font-size: small;\">Am\u00e9rica Latina y Caribe: 53 millones | Oriente pr\u00f3ximo y \u00c1frica del norte: 37 millones | Pa\u00edses desarrollados: 19 millones.<\/span><\/p>\n<p style=\"text-align: center;\"><span style=\"text-decoration: underline;\"><span style=\"font-size: small;\"><em><strong>Incremento de alimentos b\u00e1sicos<\/strong><\/em><\/span><\/span><\/p>\n<table border=\"0\">\n<tbody>\n<tr>\n<td>\n<p style=\"text-align: justify;\"><span style=\"font-size: small;\"><em><strong>Sin el cambio clim\u00e1tico<\/strong><\/em><\/span><\/p>\n<p style=\"text-align: justify;\">Arroz: 72%<br \/>\nTrigo: 53%<br \/>\nMa\u00edz: 71%<br \/>\nArroz procesado: 34%<\/p>\n<\/td>\n<td>\n<p style=\"text-align: justify;\"><span style=\"font-size: small;\"><em><strong>Con el cambio clim\u00e1tico<\/strong><\/em><\/span><\/p>\n<p style=\"text-align: justify;\">Arroz: <strong>107%<\/strong><br \/>\nTrigo: <strong>82%<\/strong><br \/>\nMa\u00edz:<strong> 126%<\/strong><br \/>\nArroz procesado: <strong>48%<\/strong><\/p>\n<\/td>\n<td><\/td>\n<\/tr>\n<tr>\n<td><strong><span style=\"font-size: x-small;\">Fuente: Time Magazine, 13 Junio 2011, p\u00e1g. 11.<\/span><\/strong><\/td>\n<td><\/td>\n<td><\/td>\n<\/tr>\n<\/tbody>\n<\/table>\n<p style=\"text-align: justify;\">Los de Oxfam concluyen con lo \u00fanico que pueden decir, que es la verdad tan manida que ha perdido la capacidad de impacto, como quien escucha que otra empresa ha despedido a 10.000 trabajadores. Llega un momento que te inmunizas y es un s\u00edntoma peligroso porque, en definitiva, no puedes estar todo el tiempo enojado.<\/p>\n<p style=\"text-align: justify;\">Oxfam dice que esta situaci\u00f3n podr\u00eda revertirse <strong>si los gobiernos mejoraran la regulaci\u00f3n y focalizara en la situaci\u00f3n de las peque\u00f1as granjas<\/strong>. Pues cuando esta noche le dije a mi abuelo que se viniera esta semana a comer a casa, me respondi\u00f3 lo mismo que los gobiernos comentan en privado: &#8220;si, bueno, ya ver\u00e9 yo&#8230; si quiero ir, ya ir\u00e9&#8221;. \ud83d\ude00<\/p>\n<p style=\"text-align: justify;\"><span style=\"font-size: x-small;\"><strong>Fuentes: <a href=\"http:\/\/www.oxfam.org\/es\/crece\/pressroom\/pressrelease\/2011-06-01\/oxfam-alerta-de-la-explosion-del-hambre-por-un-sistema-alimentario\" target=\"_blank\">http:\/\/www.oxfam.org\/es\/crece\/pressroom\/pressrelease\/2011-06-01\/oxfam-alerta-de-la-explosion-del-hambre-por-un-sistema-alimentario<\/a>,\u00a0 <em>&#8220;World Faces Epic Food Crisis&#8221;<\/em>, Time Europe<\/strong><\/span><\/p>\n<p style=\"text-align: justify;\"><span style=\"font-size: x-small;\"><strong>Imagen: <\/strong><strong><a href=\"http:\/\/www.oxfam.org.uk\/oxfam_in_action\/emergencies\/wafrica_photostory.html\" target=\"_blank\">http:\/\/www.oxfam.org.uk\/oxfam_in_action\/emergencies\/wafrica_photostory.html<\/a>.<\/strong><\/span><\/p>\n<p style=\"text-align: center;\">[email_link]<span style=\"font-size: x-small;\"><strong><br \/>\n<\/strong><\/span><\/p>\n","protected":false},"excerpt":{"rendered":"<p>Lo ha dicho Oxfam: la comunidad internacional padece sonambulismo. El crecimiento en los precios de los alimentos amenazan con una crisis demogr\u00e1fica y social. El informe Growing a better future indica que los precios de los alimentos b\u00e1sicos pueden incrementarse desde un 120% hasta un 180% en 2030, parcialmente como resultado del cambio clim\u00e1tico pero tambi\u00e9n por la pobre distribuci\u00f3n[&#8230;]<\/p>\n","protected":false},"author":1,"featured_media":0,"comment_status":"open","ping_status":"open","sticky":false,"template":"","format":"standard","meta":{"footnotes":""},"categories":[10],"tags":[136,211,283,445,453,771,772,1196,1344,2067,2464,2820],"class_list":["post-8376","post","type-post","status-publish","format-standard","hentry","category-la-ciudad-reflexiva","tag-alimentacion","tag-arroz","tag-bancos","tag-calentamiento-global","tag-cambio-climatico","tag-crisis","tag-crisis-alimentaria","tag-especulacion","tag-fondos-de-inversion","tag-maiz","tag-oxfam","tag-regulacion"],"_links":{"self":[{"href":"https:\/\/escribocreativo.com\/blog\/wp-json\/wp\/v2\/posts\/8376","targetHints":{"allow":["GET"]}}],"collection":[{"href":"https:\/\/escribocreativo.com\/blog\/wp-json\/wp\/v2\/posts"}],"about":[{"href":"https:\/\/escribocreativo.com\/blog\/wp-json\/wp\/v2\/types\/post"}],"author":[{"embeddable":true,"href":"https:\/\/escribocreativo.com\/blog\/wp-json\/wp\/v2\/users\/1"}],"replies":[{"embeddable":true,"href":"https:\/\/escribocreativo.com\/blog\/wp-json\/wp\/v2\/comments?post=8376"}],"version-history":[{"count":0,"href":"https:\/\/escribocreativo.com\/blog\/wp-json\/wp\/v2\/posts\/8376\/revisions"}],"wp:attachment":[{"href":"https:\/\/escribocreativo.com\/blog\/wp-json\/wp\/v2\/media?parent=8376"}],"wp:term":[{"taxonomy":"category","embeddable":true,"href":"https:\/\/escribocreativo.com\/blog\/wp-json\/wp\/v2\/categories?post=8376"},{"taxonomy":"post_tag","embeddable":true,"href":"https:\/\/escribocreativo.com\/blog\/wp-json\/wp\/v2\/tags?post=8376"}],"curies":[{"name":"wp","href":"https:\/\/api.w.org\/{rel}","templated":true}]}}