{"id":8441,"date":"2011-07-04T18:54:00","date_gmt":"2011-07-04T17:54:00","guid":{"rendered":"http:\/\/poesiamas.net\/blog\/?p=8441"},"modified":"2015-03-14T00:51:03","modified_gmt":"2015-03-14T00:51:03","slug":"la-batalla-por-la-libertad-de-expresion-en-la-red","status":"publish","type":"post","link":"https:\/\/escribocreativo.com\/blog\/2011\/07\/04\/la-batalla-por-la-libertad-de-expresion-en-la-red\/","title":{"rendered":"La batalla por la libertad de expresi\u00f3n en la red"},"content":{"rendered":"<blockquote><p><a href=\"https:\/\/escribocreativo.com\/blog\/wp-content\/uploads\/2011\/07\/ue.png\"><img loading=\"lazy\" decoding=\"async\" class=\"aligncenter size-full wp-image-8448\" title=\"ue\" src=\"https:\/\/escribocreativo.com\/blog\/wp-content\/uploads\/2011\/07\/ue.png\" alt=\"\" width=\"300\" height=\"302\" \/><\/a>Ustedes hagan la ley, que yo har\u00e9 el reglamento.<\/p>\n<p><a href=\"http:\/\/es.wikiquote.org\/wiki\/Conde_de_Romanones\" target=\"_blank\">Conde de Romanones<\/a>.<\/p><\/blockquote>\n<p style=\"text-align: justify;\">En los EE.UU., la secci\u00f3n 4 de la 14\u00aa Enmienda dice lo siguiente: &#8220;La validez de la deuda p\u00fablica de los Estados Unidos&#8230; no podr\u00e1 ser cuestionada.&#8221;. La idea es que los EE.UU. no deben escabullirse de pagar sus deudas; necesitan pagar las obligaciones p\u00fablicas que ellos mismos establecieron, los pagos de la Seguridad Social a los jubilados o los intereses de los banqueros chinos. Cuando el Congreso pide dinero prestado &#8220;al cr\u00e9dito de los EE.UU.&#8221; crea una obligaci\u00f3n de pagar esa deuda.<\/p>\n<p style=\"text-align: justify;\">Muchos presidentes estadounidenses elevaron el l\u00edmite de la deuda: se ha hecho 10 veces desde 2001. Y no hay nada inconstitucional en que la deuda p\u00fablica exceda el tama\u00f1o de su PIB. No es prudente, pero no es inconstitucional. Tampoco lo es que el congreso estadounidense intente imponer recortes en el presupuesto federal para reducir el tama\u00f1o de la deuda o para negociar los recortes con el fin de votar para elevar ese tope.<\/p>\n<p style=\"text-align: justify;\"><!--more--><\/p>\n<p style=\"text-align: justify;\">Pero si al final el Congreso parece decidido a permitir que los EE.UU. pague su deuda, el Presidente puede afirmar que es inconstitucional, y tomar medidas extraordinarias para evitarlo. Puede usar su poder ejecutivo para ordenar a la Tesorer\u00eda que produzca instrumentos vinculantes de la deuda que cubran las obligaciones de los Estados Unidos en todo el mundo. Se podr\u00edan vender los activos, los permisos de los trabajadores, congelar cheques, podr\u00eda arrendar el Parque Yellowstone. Y todo ser\u00eda constitucional.<\/p>\n<p style=\"text-align: justify;\">De esta forma los presidentes y sus asesores maquillan su poder ejecutivo jugando con el lenguaje. Para la guerra de Libia, te\u00f3ricamente Obama tendr\u00eda que haber solicitado la retirada de las tropas si el Congreso no da su aprobaci\u00f3n en 60 d\u00edas. La Administraci\u00f3n Obama afirma que lo que hacen en Libia no cumple con el umbral de las hostilidades de la legislaci\u00f3n as\u00ed que la resoluci\u00f3n, conocida como la <em>War Powers Resolution<\/em>, no se aplica.<\/p>\n<p style=\"text-align: justify;\"><span style=\"font-size: x-small;\"><strong>Fuente: <a href=\"http:\/\/www.time.com\/time\/\" target=\"_blank\">TIME<\/a>.<\/strong><\/span><\/p>\n<p style=\"text-align: justify;\">En la UE podemos encontrar tambi\u00e9n extra\u00f1os casos en los cuales se usa el lenguaje para manipular. Por ejemplo, el acuerdo ACTA. En este caso, bajo el argumento de que es un caso de &#8220;seguridad nacional&#8221;, Obama estar\u00eda dispuesto a firmar ACTA. Sin embargo, si fuera un tratado, tendr\u00eda que aprobarlo el Senado.<\/p>\n<blockquote>\n<p style=\"text-align: justify;\">Suscribirse a ACTA <strong>s\u00f3lo como un acuerdo ejecutivo<\/strong> exceder\u00eda estos precedentes. El presidente no tiene la autoridad  constitucional independiente sobre la propiedad intelectual o las  pol\u00edticas de comunicaciones; y no hay una larga pr\u00e1ctica hist\u00f3rica de  firmar acuerdos ejecutivos en esta \u00e1rea.<\/p>\n<p style=\"text-align: justify;\">Jack Goldsmith y Lawrence Lessig, acad\u00e9micos. Fuente: <a href=\"http:\/\/alt1040.com\/2010\/10\/academicos-exigen-a-obama-que-acta-pase-por-el-senado\" target=\"_blank\">Alt1040.<\/a><\/p>\n<\/blockquote>\n<p style=\"text-align: justify;\">Parece que si el acuerdo se llevara al Senado tendr\u00eda pocas posibilidades de ser aprobado por el recorte de derechos que establece el mismo.<\/p>\n<p style=\"text-align: justify;\">Volviendo a la UE, leamos el art\u00edculo del diario <a href=\"http:\/\/www.elpais.com\/articulo\/tecnologia\/Union\/Europea\/inicia\/tramite\/aprobar\/tratado\/ACTA\/elpeputec\/20110630elpeputec_5\/Tes\" target=\"_blank\">El Pa\u00eds<\/a>:<\/p>\n<blockquote>\n<p style=\"text-align: justify;\">Llama la atenci\u00f3n que el <strong>texto afirma que el Parlamento europeo ha sido  informado de forma regular<\/strong> de las negociaciones. De hecho, <strong>el Parlamento  <span style=\"font-size: large;\">vot\u00f3<\/span> una resoluci\u00f3n en la que denunciaba la falta de transparencia de  las negociaciones que se llevaron en secreto<\/strong> entre los estados intervinientes como EE UU, Jap\u00f3n, Corea del Sur, Australia, Suiza, M\u00e9xico y Gran Breta\u00f1a, entre otros.<\/p>\n<\/blockquote>\n<p style=\"text-align: justify;\">Pero si nos vamos un a\u00f1o antes, 2010, leemos, tambi\u00e9n en <a href=\"http:\/\/www.elpais.com\/articulo\/tecnologia\/tratado\/ACTA\/secreto\/elpeputec\/20100421elpeputec_7\/Tes\" target=\"_blank\">El Pa\u00eds<\/a>:<\/p>\n<blockquote>\n<p style=\"text-align: justify;\">[&#8230;] La iniciativa de  las autoridades europeas se produce semanas despu\u00e9s de que el Parlamento  europeo recordara que es competente para estudiar los tratados  internacionales en los que participe la UE y mostr\u00f3 su desacuerdo con el  secretismo de las negociaciones.<\/p>\n<p style=\"text-align: justify;\">[&#8230;] El Acuerdo Comercial Antifalsificaci\u00f3n (ACTA, en sus siglas en ingl\u00e9s)  se negocia desde 2008 por los pa\u00edses industrializados, entre ellos los  Veintisiete, as\u00ed como Estados Unidos, Jap\u00f3n y Australia, entre otros.<\/p>\n<\/blockquote>\n<p style=\"text-align: justify;\">Lo hemos le\u00eddo bien, s\u00ed. La UE dice, seg\u00fan El Pa\u00eds, que <strong>no est\u00e1 de acuerdo en que se negocie en su nombre sin saberlo<\/strong>. \u00bfC\u00f3mo va a negociar la UE sin saberlo la UE, el Parlamento Europeo o quienes corresponda? En una reuni\u00f3n de vecinos: no me gusta que acuerden el presupuesto a escondidas en el bar, dice uno, y le responde otro: pero si viene siempre tu mujer y le parece bien.<\/p>\n<p style=\"text-align: justify;\">Esperpento. Esto de ACTA me preocupa porque se salta, en primer lugar, lugares p\u00fablicos y negociaciones no secretas -\u00bfc\u00f3mo puede tildar la UE una reuni\u00f3n que tiene que ver con comunicaciones que le ata\u00f1en directamente como secreta?- para luego tomar el lugar de los jueces. Ya <a href=\"http:\/\/alt1040.com\/2011\/06\/la-onu-tambien-considera-que-la-actual-tendencia-del-copyright-viola-los-derechos-humanos\" target=\"_blank\">la ONU ha llamado la atenci\u00f3n<\/a> sobre este tipo de regulaciones que atentan contra derechos como la libertad de expresi\u00f3n. \u00bfC\u00f3mo es posible que un representante de cualquier pa\u00eds de la UE viaje a reuniones secretas sin saberlo la UE en la que est\u00e1 asociado y que tiene un marco regulador de las comunicaciones? A m\u00ed no me miren, yo solo me hago las preguntas.<\/p>\n<p style=\"text-align: justify;\">El mundo gira alrededor del sol y cada vuelta nos consume un a\u00f1o de vida. Atr\u00e1s qued\u00f3 Libia, las revueltas \u00e1rabes, el paro, la elecci\u00f3n de Rubalcaba como candidato del PSOE a la presidencia de Espa\u00f1a y el 15M ocupa menos espacio una vez pasado el susto inicial. Y entre aturdimiento y aturdimiento noticioso se cuelan aspectos importantes de la realidad como noticias inocuas, el d\u00eda a d\u00eda de los que se hace eco un peri\u00f3dico en un apartado de tecnolog\u00eda donde la noticia es que Google ha perdido no se cu\u00e1ntas patentes de no se qui\u00e9n en detrimento de sus competidores. Qu\u00e9 poblaci\u00f3n tenemos.<\/p>\n<p style=\"text-align: justify;\">Lo de ACTA es para una investigaci\u00f3n period\u00edstica en toda regla. Lo de Google para <em>geeks<\/em> y el consejo de administraci\u00f3n de Google -\u00bfo El Pa\u00eds trabaja ahora para Google y sus inversores?-. Al ciudadano qu\u00e9 co\u00f1o le importa la patente que pierda o deje de perder, a nosotros qu\u00e9 nos va en ello. Vamos a llenar la nevera con noticias de Google: no se come de noticias. De todas formas, El Pa\u00eds tuvo el regalo de Wikileaks y algo ha publicado, tampoco vamos a ser tan malos con ellos. A fin de cuentas, representa todav\u00eda el peri\u00f3dico de la izquierda moderada de este pa\u00eds. \u00bfO PRISA&#8230;? Mejor dejo la cuesti\u00f3n aqu\u00ed.<\/p>\n<p style=\"text-align: justify;\">No descubro la p\u00f3lvora con la noticia de que los gobiernos manipulan la verdad a menudo con un lenguaje jur\u00eddico, tendencioso, populista y lleno de matices (de ah\u00ed que debe haber un gabinete de fil\u00f3logos trabajando en una mazmorra; me parece m\u00e1s rom\u00e1ntico que pensar en el Consejo de Estado, la Fiscal\u00eda, la Abogac\u00eda del Estado, etc.). En el matiz est\u00e1 la oportunidad y lo saben. Ahora bien, habiendo tantos frentes de batalla, convendr\u00eda centrarse en la idea de que los gobiernos, en \u00e9poca de crisis, aprovechan para apuntalar las maniobras de las corporaciones con medidas justificadas por esta causa, una crisis generada por estas corporaciones. Son unos tiempos propicios para que nos metan leyes y acuerdos con la m\u00ednima queja posible, aturdidos con el aluvi\u00f3n de noticias diario.<\/p>\n<p style=\"text-align: justify;\">Espa\u00f1a est\u00e1 en los or\u00edgenes de una reconversi\u00f3n industrial y la UE tiene que reinventarse. No reinventar el euro, sino la pol\u00edtica com\u00fan. A d\u00f3nde vamos y qu\u00e9 Europa y qu\u00e9 mundo queremos construir. Hay un gigante al otro lado del Atl\u00e1ntico que hace el mundo a su imagen y semejanza. Mientras sigamos con esta apat\u00eda que dura ya d\u00e9cadas, con estos objetivos que dejan fuera lo social, con este incremento de la derecha, con la presi\u00f3n de los <em>lobbys<\/em> en Bruselas, tendremos que seguir bendiciendo al dios estadounidense. Pero este Dios que nos puede enviar al infierno nos ama; es nuestro aliado (frente a los que se oponen a sus ideas, que son sus enemigos). Es verdad que a veces se comporta de un modo ego\u00edsta, y que a menudo parece que solo le importa su propio inter\u00e9s, pero la culpa seguramente es nuestra.<\/p>\n<p style=\"text-align: justify;\">\u00bfC\u00f3mo va a escucharnos este dios si le oramos el \u00fanico d\u00eda que tiene libre? Ay, Europa, qui\u00e9n te ha imaginado y qui\u00e9n te ve ahora.<\/p>\n<blockquote>\n<p style=\"text-align: justify;\"><strong>Actualizaci\u00f3n<\/strong>: <a href=\"http:\/\/www.elpais.com\/articulo\/tecnologia\/Francia\/cita\/primeros\/internautas\/acusados\/reincidir\/descargas\/elpeputec\/20110704elpeputec_2\/Tes\" target=\"_blank\">Francia cita a los primeros internautas acusados de reincidir en las descargas<\/a>, que deben comparecer ante una comisi\u00f3n de Hadopi antes de que su caso llegue al juez -y qu\u00e9 va a decidir esta comisi\u00f3n, les va a dar un tir\u00f3n de orejas, les va a decir que son malos mal\u00edsimos, que eso no se hace, caca, esto no suena a que es un juzgado, pueden llevar abogado, tienen sus garant\u00edas legales cubiertas, si no es un juzgado qui\u00e9n es esta gente para exigir que se presente un ciudadano, c\u00f3mo la ley permite eso, es kafkiano-: &#8220;Seg\u00fan la citada ley, cuando las sociedades de gesti\u00f3n detectan una  descarga considerada ilegal, remiten a las autoridades la direcci\u00f3n IP  para que sea identificado el titular de la conexi\u00f3n y son las  autoridades quienes han de tramitar un primer aviso por correo  electr\u00f3nico. Si el internauta no desiste, se le remite al cabo de un  tiempo una segundo aviso por carta certificada. Y finalmente, tras  enviarle un tercer aviso pueden proceder a la clausura de la conexi\u00f3n o a  imponer una multa de 1.500 euros.&#8221;. Tremendo: las sociedades de gesti\u00f3n tienen el amparo del estado para identificar al titular de la conexi\u00f3n y las autoridades, no la sociedad, emite el aviso. Los socialistas franceses ya han dicho que abolir\u00e1n esta ley que Sarkozy considera imperfecta.<\/p>\n<\/blockquote>\n<p style=\"text-align: center;\">[email_link]\n","protected":false},"excerpt":{"rendered":"<p>Ustedes hagan la ley, que yo har\u00e9 el reglamento. Conde de Romanones. En los EE.UU., la secci\u00f3n 4 de la 14\u00aa Enmienda dice lo siguiente: &#8220;La validez de la deuda p\u00fablica de los Estados Unidos&#8230; no podr\u00e1 ser cuestionada.&#8221;. La idea es que los EE.UU. no deben escabullirse de pagar sus deudas; necesitan pagar las obligaciones p\u00fablicas que ellos mismos[&#8230;]<\/p>\n","protected":false},"author":1,"featured_media":0,"comment_status":"open","ping_status":"open","sticky":false,"template":"","format":"standard","meta":{"footnotes":""},"categories":[3608],"tags":[68,74,718,732,870,1679,1949,2389,2427,3316,3352,3369],"class_list":["post-8441","post","type-post","status-publish","format-standard","hentry","category-literatura","tag-acta","tag-acuerdo","tag-contenidos","tag-copyright-derechos-de-autor","tag-derechos","tag-internet","tag-ley-sinde","tag-obama","tag-onu","tag-tratado","tag-ue","tag-union-europea"],"_links":{"self":[{"href":"https:\/\/escribocreativo.com\/blog\/wp-json\/wp\/v2\/posts\/8441","targetHints":{"allow":["GET"]}}],"collection":[{"href":"https:\/\/escribocreativo.com\/blog\/wp-json\/wp\/v2\/posts"}],"about":[{"href":"https:\/\/escribocreativo.com\/blog\/wp-json\/wp\/v2\/types\/post"}],"author":[{"embeddable":true,"href":"https:\/\/escribocreativo.com\/blog\/wp-json\/wp\/v2\/users\/1"}],"replies":[{"embeddable":true,"href":"https:\/\/escribocreativo.com\/blog\/wp-json\/wp\/v2\/comments?post=8441"}],"version-history":[{"count":0,"href":"https:\/\/escribocreativo.com\/blog\/wp-json\/wp\/v2\/posts\/8441\/revisions"}],"wp:attachment":[{"href":"https:\/\/escribocreativo.com\/blog\/wp-json\/wp\/v2\/media?parent=8441"}],"wp:term":[{"taxonomy":"category","embeddable":true,"href":"https:\/\/escribocreativo.com\/blog\/wp-json\/wp\/v2\/categories?post=8441"},{"taxonomy":"post_tag","embeddable":true,"href":"https:\/\/escribocreativo.com\/blog\/wp-json\/wp\/v2\/tags?post=8441"}],"curies":[{"name":"wp","href":"https:\/\/api.w.org\/{rel}","templated":true}]}}