{"id":8456,"date":"2011-07-05T23:48:34","date_gmt":"2011-07-05T22:48:34","guid":{"rendered":"http:\/\/poesiamas.net\/blog\/?p=8456"},"modified":"2015-03-14T00:51:03","modified_gmt":"2015-03-14T00:51:03","slug":"el-abrazo-de-antonio-gala","status":"publish","type":"post","link":"https:\/\/escribocreativo.com\/blog\/2011\/07\/05\/el-abrazo-de-antonio-gala\/","title":{"rendered":"El abrazo de Antonio Gala"},"content":{"rendered":"<div id=\"attachment_8457\" style=\"width: 260px\" class=\"wp-caption aligncenter\"><a href=\"https:\/\/escribocreativo.com\/blog\/wp-content\/uploads\/2011\/07\/gala.gif\"><img loading=\"lazy\" decoding=\"async\" aria-describedby=\"caption-attachment-8457\" class=\"size-full wp-image-8457\" title=\"gala\" src=\"https:\/\/escribocreativo.com\/blog\/wp-content\/uploads\/2011\/07\/gala.gif\" alt=\"\" width=\"250\" height=\"250\" \/><\/a><p id=\"caption-attachment-8457\" class=\"wp-caption-text\">Antonio Gala<\/p><\/div>\n<p style=\"text-align: justify;\">Dijo una vez el poeta Eugenio Padorno que los poetas no est\u00e1n para llenar plazas de toros; que la poes\u00eda no es para llenar estadios de f\u00fatbol o teatros, explicando el simbolismo y su gusto por lo herm\u00e9tico, por vivir la poes\u00eda como si estos locos franceses fueran miembros de una secta de unos pocos. La poes\u00eda es un lugar \u00edntimo, un encuentro entre el lector y el papel escrito que es la expresi\u00f3n de lo que el poeta encuentra y pule en el sendero po\u00e9tico.<\/p>\n<p style=\"text-align: justify;\">Indirectamente se refer\u00eda don Eugenio a poetas como Antonio Gala, capaz de llenar teatros y que gusta de acudir a televisi\u00f3n a hablar de lo humano y lo divino. No est\u00e1 Gala considerado, tal vez injustamente, en la terna de grandes poetas de su generaci\u00f3n, aunque s\u00ed lo est\u00e1; quiero decir, es tanta su fama medi\u00e1tica y su \u00e9xito de ventas que cuaja poco con la realidad de la poes\u00eda espa\u00f1ola y normalmente se nombra a cl\u00e1sicos como Hierro, Jim\u00e9nez, Millares Sall, Panero, Caballero Bonald, etc. Bien es cierto que Gala ha tocado pr\u00e1cticamente los generos literarios cl\u00e1sicos: teatro, novela, ensayo, poes\u00eda, y en todos ha cosechado \u00e9xitos.<\/p>\n<p style=\"text-align: justify;\"><!--more--><\/p>\n<p style=\"text-align: justify;\">Influido por esta idea de don Eugenio, a Gala, al que nunca hab\u00eda le\u00eddo, lo apart\u00e9 en mi biblioteca. Me hab\u00edan regalado <em>El \u00e1guila bic\u00e9fala<\/em> y comenc\u00e9 a leerlo con prejuicio. Sin embargo, tiempo despu\u00e9s, una tarde cualquiera, abr\u00ed de nuevo el libro y comenc\u00e9 a leer sus sonetos. Y encontr\u00e9 algo.<\/p>\n<p style=\"text-align: justify;\">Encontr\u00e9, a lo largo de mi vida, su lucidez y su humor en radio y televisi\u00f3n, y durante las \u00faltimas d\u00e9cadas del siglo pasado era habitual verlo en entrevistas. Creo que, si mi memoria no me falla, present\u00f3 un programa con un decorado griego&#8230; No recuerdo m\u00e1s. Me pareci\u00f3 una persona cercana, ingeniosa, que destaca de la media burda por su cultura y su habilidad de escritor, por su talento, con la palabra.<\/p>\n<p style=\"text-align: justify;\">Tras pasar por otros problemas de salud, Antonio Gala ha anunciado que tiene c\u00e1ncer. No es, para mi gusto, Kavafis, Rilke, Shakespeare, Machado, Jim\u00e9nez, Lorca, pero es uno de los grandes poetas y dramaturgos de nuestra literatura, sin m\u00e1s; podemos discutir si est\u00e1 entre los diez o doce m\u00e1s importantes de su generaci\u00f3n, pero no podemos obviarlo. Se ha ganado el puesto de sobra.<\/p>\n<p style=\"text-align: justify;\">Deseo lo mejor para Gala y para estos duros momentos de su vida; es, sin duda, un referente de nuestra cultura y por ende de nuestra literatura.<\/p>\n<p style=\"text-align: justify;\">Solo puedo admirar, con ese respeto ganado desde mi prejuicio derrotado, y bien derrotado, a un poeta que puede escribir un soneto como el siguiente. Es imposible que llegue al final y no me emociones, maldito.<\/p>\n<p style=\"text-align: center;\"><object width=\"640\" height=\"510\" classid=\"clsid:d27cdb6e-ae6d-11cf-96b8-444553540000\" codebase=\"http:\/\/download.macromedia.com\/pub\/shockwave\/cabs\/flash\/swflash.cab#version=6,0,40,0\"><param name=\"allowFullScreen\" value=\"true\" \/><param name=\"allowscriptaccess\" value=\"always\" \/><param name=\"src\" value=\"http:\/\/www.youtube.com\/v\/AWqjrEyGPbw?version=3&amp;hl=es_ES&amp;rel=0\" \/><param name=\"allowfullscreen\" value=\"true\" \/><embed width=\"640\" height=\"510\" type=\"application\/x-shockwave-flash\" src=\"http:\/\/www.youtube.com\/v\/AWqjrEyGPbw?version=3&amp;hl=es_ES&amp;rel=0\" allowFullScreen=\"true\" allowscriptaccess=\"always\" allowfullscreen=\"true\" \/><\/object><\/p>\n<p style=\"text-align: center;\">[email_link]\n","protected":false},"excerpt":{"rendered":"<p>Dijo una vez el poeta Eugenio Padorno que los poetas no est\u00e1n para llenar plazas de toros; que la poes\u00eda no es para llenar estadios de f\u00fatbol o teatros, explicando el simbolismo y su gusto por lo herm\u00e9tico, por vivir la poes\u00eda como si estos locos franceses fueran miembros de una secta de unos pocos. La poes\u00eda es un lugar[&#8230;]<\/p>\n","protected":false},"author":1,"featured_media":0,"comment_status":"open","ping_status":"open","sticky":false,"template":"","format":"standard","meta":{"footnotes":""},"categories":[3608],"tags":[185,472,689,977,3108,3333],"class_list":["post-8456","post","type-post","status-publish","format-standard","hentry","category-literatura","tag-antonio-gala","tag-cancer","tag-condena","tag-dramaturgo","tag-soneto","tag-troylo"],"_links":{"self":[{"href":"https:\/\/escribocreativo.com\/blog\/wp-json\/wp\/v2\/posts\/8456","targetHints":{"allow":["GET"]}}],"collection":[{"href":"https:\/\/escribocreativo.com\/blog\/wp-json\/wp\/v2\/posts"}],"about":[{"href":"https:\/\/escribocreativo.com\/blog\/wp-json\/wp\/v2\/types\/post"}],"author":[{"embeddable":true,"href":"https:\/\/escribocreativo.com\/blog\/wp-json\/wp\/v2\/users\/1"}],"replies":[{"embeddable":true,"href":"https:\/\/escribocreativo.com\/blog\/wp-json\/wp\/v2\/comments?post=8456"}],"version-history":[{"count":0,"href":"https:\/\/escribocreativo.com\/blog\/wp-json\/wp\/v2\/posts\/8456\/revisions"}],"wp:attachment":[{"href":"https:\/\/escribocreativo.com\/blog\/wp-json\/wp\/v2\/media?parent=8456"}],"wp:term":[{"taxonomy":"category","embeddable":true,"href":"https:\/\/escribocreativo.com\/blog\/wp-json\/wp\/v2\/categories?post=8456"},{"taxonomy":"post_tag","embeddable":true,"href":"https:\/\/escribocreativo.com\/blog\/wp-json\/wp\/v2\/tags?post=8456"}],"curies":[{"name":"wp","href":"https:\/\/api.w.org\/{rel}","templated":true}]}}