{"id":8877,"date":"2011-09-30T07:00:48","date_gmt":"2011-09-30T06:00:48","guid":{"rendered":"http:\/\/poesiamas.net\/blog\/?p=8877"},"modified":"2011-09-30T07:00:48","modified_gmt":"2011-09-30T06:00:48","slug":"watchtower","status":"publish","type":"post","link":"https:\/\/escribocreativo.com\/blog\/2011\/09\/30\/watchtower\/","title":{"rendered":"Watchtower"},"content":{"rendered":"<p style=\"text-align: justify;\"><a href=\"https:\/\/escribocreativo.com\/blog\/wp-content\/uploads\/2011\/09\/watchtower.jpg\"><img loading=\"lazy\" decoding=\"async\" class=\"aligncenter size-full wp-image-8878\" title=\"watchtower\" src=\"https:\/\/escribocreativo.com\/blog\/wp-content\/uploads\/2011\/09\/watchtower.jpg\" alt=\"\" width=\"360\" height=\"240\" \/><\/a>El mundo est\u00e1 lleno de derechos que debemos manjear aunque sea en aspectos b\u00e1sicos y todos parecen ser primordiales: los primeros, esos que dicen que ayudan a regular la convivencia, es decir, la mentada <em>ley<\/em>; pero tambi\u00e9n como consumidor, los universales -esto tan ut\u00f3pico de &#8220;todos tenemos derecho a la vivienda, a un trabajo digno&#8221;-, etc. etc.<\/p>\n<p style=\"text-align: justify;\">Pero, \u00bfqu\u00e9 pasa con los derechos de los que no se habla nunca y son a\u00fan m\u00e1s importantes que todos estos? Son los derechos que tal vez desconoces porque no te has dado cuenta de que se te han ido apartando con disimulo mientras te distra\u00edan con esos otros que son, casualmente, los que te quitan tu autonom\u00eda.<\/p>\n<p style=\"text-align: justify;\">\u00bfC\u00f3mo lo hacen? Favoreciendo tu enojo, tu crispaci\u00f3n, contra agentes externos e intangibles, entes como, <em>for example<\/em>, el sistema econ\u00f3mico o en general las injusticias de todo tipo (violencia, sexo, deporte, banca, pol\u00edtica, terrorismo, alimentaci\u00f3n, hay frentes abiertos a diario por miles de asuntos que enojar\u00edan a un monje tibetano si dejara su humilde morada). Es una distracci\u00f3n programada. \u00bfDe qu\u00e9 derechos fundamentales hablo? Pues por ejemplo&#8230;<\/p>\n<p style=\"text-align: justify;\"><!--more--><\/p>\n<p style=\"text-align: justify;\">1) Me concedo el derecho a cambiar de idea sobre una anterior que pensaba que era l\u00f3gica, razonable o llena de sentido com\u00fan&#8230; \u00a1y si pensaba que lo era ya deb\u00eda haber sospechado algo!<\/p>\n<p style=\"text-align: justify;\">2) Me concedo el derecho a tener fluctuaciones de car\u00e1cter sin tener que justificarme con nadie salvo con una madre -porque madre no hay m\u00e1s que una-.<\/p>\n<p style=\"text-align: justify;\">3) En concreto, me concedo el derecho de no tener que justificarme si as\u00ed no lo deseo y qu\u00e9 curioso que si lo medito nunca lo deseo.<\/p>\n<p style=\"text-align: justify;\">4) Me concedo el derecho de no buscar patolog\u00edas extra\u00f1as en comportamientos que a ojos ajenos se se\u00f1alar\u00edan como negativos ya que no soy un aut\u00f3mata que procesa impulsos l\u00f3gicos, \u00a1menuda tonter\u00eda!, bip, bip, lev\u00e1ntate, d\u00fachate, ve a trabajar, bip, bip&#8230;<\/p>\n<p style=\"text-align: justify;\">5) Respecto al punto cuarto, considero que mi ancestral legado salvaje -mi comunicaci\u00f3n con el planeta como entidad y lo que esta representa: agua, fuego, aire, biodiversidad, etc.- es tan importante para mi vida como la racional y\/o mi mundo sensible&#8230; y es por eso que soy tan animal.<\/p>\n<p style=\"text-align: justify;\">6) Me concedo el derecho de ser yo mismo con todas las consecuencias salvo en dos circustancias: a) en una entrevista de trabajo donde tenga que parecer m\u00e1s imb\u00e9cil que mi futuro jefe b) en un blog, donde el lector medio interpreta que todo lo que escribo es un <em>copipaist<\/em> de mi personalidad -si este escribe <strong>a<\/strong>, entonces seguro que es <strong>b<\/strong>&#8211; y que lo hago sin darme cuenta pero ellos son demasiado inteligentes como para no darse cuenta -ni tampoco de lo enamorado que est\u00e1n de s\u00ed mismos-.<\/p>\n<p style=\"text-align: justify;\">7) Me concedo el derecho a estar enfadado, disconforme, inquieto, nervioso, ansioso o cualquier otro estado de \u00e1nimo similar como algo tan natural como estar en otro momento tranquilo, relajado, sosegado o otro estado similar a este&#8230; o a racionar el consumo de cafe\u00edna.<\/p>\n<p style=\"text-align: justify;\">8) Me concedo el derecho a mentir cuando sopese que sus consecuencias me pueden ser beneficiosas como me podr\u00eda suceder con determinado tipo de preguntas indiscretas a altas horas de la noche (<em><a href=\"https:\/\/escribocreativo.com\/blog\/2011\/09\/28\/breviarios\/#comment-8657\" target=\"_blank\">gracias, Nat<\/a>, para que luego digas que no te estimo<\/em>).<\/p>\n<p style=\"text-align: justify;\">9) Me concedo el derecho a ser franco cuando lo necesite salvo cuando marche a Francia, ya que entonces ser\u00e9 visigodo.<\/p>\n<p style=\"text-align: justify;\">10) Me concedo el derecho a errar, equivocarme, fallar, etc. sin que se me caiga el cielo encima como a Asurancet\u00farix antes de empezar a cantar y sobre todo \u00a1me doy el derecho a que no venga un tio a decirme en su blog a hablarme de <strong>mis<\/strong> derechos, qu\u00e9 se habr\u00e1 cre\u00eddo ese petulante!<\/p>\n<p style=\"text-align: justify;\">Por poner un dec\u00e1logo, vamos, podr\u00eda seguir con otros 10. \u00bfSe capta el mensaje? \u00bfMe\u00a0 falta alguno? \u00bfT\u00fa a\u00f1adir\u00edas o quitar\u00edas cual?<\/p>\n<blockquote>\n<p style=\"text-align: justify;\">Iba a coger Let&#8217;s impeach the president del gran Neil Young pero luego me acord\u00e9 de All along the watchtower del maestro Dylan y record\u00e9 una versi\u00f3n del 30 aniversario cantada por Neil. Y como una cosa te lleva la otra, encontr\u00e9 esta del canadiense con el Boss y dije, joder, qu\u00e9 bien suena. Y as\u00ed es: la watchtower de nuestra conciencia que todo lo ve, como las torres de Mordor. \ud83d\ude00<\/p>\n<\/blockquote>\n<p style=\"text-align: center;\"><object width=\"640\" height=\"480\" classid=\"clsid:d27cdb6e-ae6d-11cf-96b8-444553540000\" codebase=\"http:\/\/download.macromedia.com\/pub\/shockwave\/cabs\/flash\/swflash.cab#version=6,0,40,0\"><param name=\"allowFullScreen\" value=\"true\" \/><param name=\"allowscriptaccess\" value=\"always\" \/><param name=\"src\" value=\"http:\/\/www.youtube.com\/v\/3goJ6YUjE70?version=3&amp;hl=es_ES&amp;rel=0\" \/><param name=\"allowfullscreen\" value=\"true\" \/><embed width=\"640\" height=\"480\" type=\"application\/x-shockwave-flash\" src=\"http:\/\/www.youtube.com\/v\/3goJ6YUjE70?version=3&amp;hl=es_ES&amp;rel=0\" allowFullScreen=\"true\" allowscriptaccess=\"always\" allowfullscreen=\"true\" \/><\/object><\/p>\n<p style=\"text-align: center;\">[email_link]\n","protected":false},"excerpt":{"rendered":"<p>El mundo est\u00e1 lleno de derechos que debemos manjear aunque sea en aspectos b\u00e1sicos y todos parecen ser primordiales: los primeros, esos que dicen que ayudan a regular la convivencia, es decir, la mentada ley; pero tambi\u00e9n como consumidor, los universales -esto tan ut\u00f3pico de &#8220;todos tenemos derecho a la vivienda, a un trabajo digno&#8221;-, etc. etc. Pero, \u00bfqu\u00e9 pasa[&#8230;]<\/p>\n","protected":false},"author":1,"featured_media":0,"comment_status":"open","ping_status":"open","sticky":false,"template":"","format":"standard","meta":{"footnotes":""},"categories":[10],"tags":[137,405,870,1596,2321,2731,3481],"class_list":["post-8877","post","type-post","status-publish","format-standard","hentry","category-la-ciudad-reflexiva","tag-all-along-the-watchtower","tag-bruce-springsteen","tag-derechos","tag-humanos","tag-neil-young","tag-psicologia","tag-watchtower"],"_links":{"self":[{"href":"https:\/\/escribocreativo.com\/blog\/wp-json\/wp\/v2\/posts\/8877","targetHints":{"allow":["GET"]}}],"collection":[{"href":"https:\/\/escribocreativo.com\/blog\/wp-json\/wp\/v2\/posts"}],"about":[{"href":"https:\/\/escribocreativo.com\/blog\/wp-json\/wp\/v2\/types\/post"}],"author":[{"embeddable":true,"href":"https:\/\/escribocreativo.com\/blog\/wp-json\/wp\/v2\/users\/1"}],"replies":[{"embeddable":true,"href":"https:\/\/escribocreativo.com\/blog\/wp-json\/wp\/v2\/comments?post=8877"}],"version-history":[{"count":0,"href":"https:\/\/escribocreativo.com\/blog\/wp-json\/wp\/v2\/posts\/8877\/revisions"}],"wp:attachment":[{"href":"https:\/\/escribocreativo.com\/blog\/wp-json\/wp\/v2\/media?parent=8877"}],"wp:term":[{"taxonomy":"category","embeddable":true,"href":"https:\/\/escribocreativo.com\/blog\/wp-json\/wp\/v2\/categories?post=8877"},{"taxonomy":"post_tag","embeddable":true,"href":"https:\/\/escribocreativo.com\/blog\/wp-json\/wp\/v2\/tags?post=8877"}],"curies":[{"name":"wp","href":"https:\/\/api.w.org\/{rel}","templated":true}]}}