{"id":9012,"date":"2011-10-12T07:00:38","date_gmt":"2011-10-12T06:00:38","guid":{"rendered":"http:\/\/poesiamas.net\/blog\/?p=9012"},"modified":"2011-10-12T07:00:38","modified_gmt":"2011-10-12T06:00:38","slug":"biking-las-palmas-last-sunset-pics","status":"publish","type":"post","link":"https:\/\/escribocreativo.com\/blog\/2011\/10\/12\/biking-las-palmas-last-sunset-pics\/","title":{"rendered":"Biking Las Palmas Last Sunset Pics"},"content":{"rendered":"\n<p style=\"text-align: justify;\"><!--more--><\/p>\n<p style=\"text-align: justify;\">Miras en <a href=\"http:\/\/www.ubuntu.com\" target=\"_blank\">Ubuntu<\/a> cu\u00e1ndo es el ocaso, y calculas para llegar una horita antes con la bicicleta. Llevas el Mp3 a toda mecha y vas pedaleando con un ojo delante y el otro fijo en el cuentakil\u00f3metros -por eso a veces me hostio-. Encima de la bicicleta est\u00e1s en libertad; y entonces ves, llegando al extremo sur de la Avenida Mar\u00edtima, en la playa de <em>La Laja<\/em>, caer el atardecer mientras cruzas a toda velocidad. El viento, el esfuerzo, la m\u00fasica, el atardecer. Y si llevas una c\u00e1mara encima, claro, la usas, porque es una belleza terrible e hipn\u00f3tica: la noche te absorbe como el crepitar de una llama en la hoguera.<\/p>\n<p style=\"text-align: justify;\"><strong><a href=\"https:\/\/escribocreativo.com\/blog\/wp-content\/uploads\/2011\/10\/nikon-s220-camera-red.jpg\"><img loading=\"lazy\" decoding=\"async\" class=\"alignleft size-full wp-image-9039\" title=\"nikon s220 camera red\" src=\"https:\/\/escribocreativo.com\/blog\/wp-content\/uploads\/2011\/10\/nikon-s220-camera-red.jpg\" alt=\"\" width=\"240\" height=\"213\" \/><\/a><\/strong><\/p>\n<p style=\"text-align: justify;\"><strong>C\u00e1mara<\/strong>: <em>Nikon Coolpix S220 10Mp<\/em>.<\/p>\n<p style=\"text-align: justify;\"><strong>Modos usados<\/strong>: Autom\u00e1tico, Paisaje Nocturno, Retrato nocturno.<\/p>\n<p style=\"text-align: center;\">[email_link]\n","protected":false},"excerpt":{"rendered":"","protected":false},"author":1,"featured_media":0,"comment_status":"open","ping_status":"open","sticky":false,"template":"","format":"gallery","meta":{"footnotes":""},"categories":[6],"tags":[235,1350,1465,1906],"class_list":["post-9012","post","type-post","status-publish","format-gallery","hentry","category-imagenes","tag-atardecer","tag-fotos","tag-gran-canaria","tag-las-palmas-de-gran-canaria","post_format-post-format-gallery"],"_links":{"self":[{"href":"https:\/\/escribocreativo.com\/blog\/wp-json\/wp\/v2\/posts\/9012","targetHints":{"allow":["GET"]}}],"collection":[{"href":"https:\/\/escribocreativo.com\/blog\/wp-json\/wp\/v2\/posts"}],"about":[{"href":"https:\/\/escribocreativo.com\/blog\/wp-json\/wp\/v2\/types\/post"}],"author":[{"embeddable":true,"href":"https:\/\/escribocreativo.com\/blog\/wp-json\/wp\/v2\/users\/1"}],"replies":[{"embeddable":true,"href":"https:\/\/escribocreativo.com\/blog\/wp-json\/wp\/v2\/comments?post=9012"}],"version-history":[{"count":0,"href":"https:\/\/escribocreativo.com\/blog\/wp-json\/wp\/v2\/posts\/9012\/revisions"}],"wp:attachment":[{"href":"https:\/\/escribocreativo.com\/blog\/wp-json\/wp\/v2\/media?parent=9012"}],"wp:term":[{"taxonomy":"category","embeddable":true,"href":"https:\/\/escribocreativo.com\/blog\/wp-json\/wp\/v2\/categories?post=9012"},{"taxonomy":"post_tag","embeddable":true,"href":"https:\/\/escribocreativo.com\/blog\/wp-json\/wp\/v2\/tags?post=9012"}],"curies":[{"name":"wp","href":"https:\/\/api.w.org\/{rel}","templated":true}]}}