{"id":9054,"date":"2011-11-04T07:00:01","date_gmt":"2011-11-04T07:00:01","guid":{"rendered":"http:\/\/poesiamas.net\/blog\/?p=9054"},"modified":"2011-11-04T07:00:01","modified_gmt":"2011-11-04T07:00:01","slug":"a-pesar-de-no-pudieron-con-mi-blog","status":"publish","type":"post","link":"https:\/\/escribocreativo.com\/blog\/2011\/11\/04\/a-pesar-de-no-pudieron-con-mi-blog\/","title":{"rendered":"A pesar de&#8230; \u00a1no pudieron con mi blog!"},"content":{"rendered":"<p style=\"text-align: center;\"><a href=\"https:\/\/escribocreativo.com\/blog\/wp-content\/uploads\/2011\/10\/cbgb.jpg\"><img loading=\"lazy\" decoding=\"async\" class=\"size-full wp-image-9060 aligncenter\" title=\"cbgb\" src=\"https:\/\/escribocreativo.com\/blog\/wp-content\/uploads\/2011\/10\/cbgb.jpg\" alt=\"\" width=\"498\" height=\"356\" \/><\/a><a href=\"http:\/\/es.wikipedia.org\/wiki\/CBGB\" target=\"_blank\">CBGB<\/a><\/p>\n<p style=\"text-align: justify;\">\u00a1Lo han intentado, s\u00ed! De muchas sutiles maneras. Por lo civil y por lo criminal; por activa y por pasiva, con el viento a favor y en contra, con rubias y con morenas, con el cobrador del frac y con el flamenco&#8230;<\/p>\n<p>Porque mi bit\u00e1cora ha resistido a todos estos intentos de eliminarla&#8230;\u00a0 \u00a1sigue viva!:<\/p>\n<p><!--more--><\/p>\n<p><strong>En 2009.<\/strong><\/p>\n<p style=\"text-align: justify;\">20 de enero: Barack Obama se convierte en el 44.\u00ba presidente de los Estados Unidos, sucediendo a G. W. Bush, que tampoco pudo comigo.<\/p>\n<p style=\"text-align: justify;\">28 de marzo: se reivindica la lucha contra el cambio clim\u00e1tico mediante <em>La hora del planeta<\/em>. Logr\u00e9 encender la torre del PC pedaleando a rabiar con la dinamo de la bici conectada a la fuente de energ\u00eda de la torre. \u00a1Muahahaha! \u00a1No podr\u00e9is conmigo!<\/p>\n<p style=\"text-align: justify;\">29 de abril: la Organizaci\u00f3n Mundial de la Salud (OMS) clasific\u00f3 el brote de gripe porcina como de nivel de alerta cinco. \u00a1Adoraba el cerdo, que era casi mi \u00fanica fuenta de alimento junto a las galletas mar\u00eda! \u00a1Quer\u00edais que muriera de inanici\u00f3n! Por suerte consegu\u00ed en el supermercado un sustituto de sabor muy parecido. Por fuera pone:\u00a0 Fabada Litoral. A veces me sabe a pollo.<\/p>\n<p style=\"text-align: justify;\">22 de julio: eclipse solar total, el m\u00e1s largo del siglo XXI, con una duraci\u00f3n de 6 minutos y 39 segundos. \u00a1A saber qu\u00e9 sortilegios, qu\u00e9 brujer\u00edas habr\u00edan usado para hacerme creer que el sol hab\u00eda desaparecido! Ah, pero al d\u00e9cimo primer padrenuestro comenz\u00f3 a aparecer el sol. Y me dije: esto es el Euribor ese. Fijo.<\/p>\n<p style=\"text-align: justify;\">11 de octubre: en el Vaticano, el papa Benedicto XVI canoniza cinco nuevos santos. La noticia me tuvo con depresi\u00f3n post-parto, un extra\u00f1o mal en los hombres, seg\u00fan me dijo un m\u00e9dico residente del servicio de urgencias del Hospital Insular, que no se pleg\u00f3 a darme la baja laboral.<\/p>\n<p style=\"text-align: justify;\">24 de diciembre: mujer ataca al papa Benedicto XVI en la Misa del Gallo y falla. Al d\u00eda siguiente me compr\u00e9 una motosierra y una caja de embalar, no s\u00e9 muy bien con qu\u00e9 prop\u00f3sito.<\/p>\n<p style=\"text-align: justify;\"><strong>En 2010.<\/strong><\/p>\n<p style=\"text-align: justify;\">11 de mayo: David Cameron asume el cargo de Primer ministro del Reino Unido sustituyendo a Gordon Brown, que tampoco pudo conmigo.<\/p>\n<p style=\"text-align: justify;\">25, 26 y 27 de junio: en Canad\u00e1 se celebran dos cumbres internacionales: la 36.\u00aa Cumbre del G8 y la cuarta cumbre del G20 e. Buscan por todos los medios acabar con mi bit\u00e1cora. Las reuniones resultan infructuosas. Soy declarado enemigo blogueril n\u00famero uno, en privado.<\/p>\n<p style=\"text-align: justify;\">11 de julio: finaliza la Copa Mundial de F\u00fatbol de 2010, Espa\u00f1a campeona, Holanda subcampeona. Se confirma que Iniesta no es de este mundo, . Ese d\u00eda estaban las conexiones ca\u00eddas, sospechosamente. \u00bfOrganizan eventos internacionales para ocultar el hackeo constante de mi conexi\u00f3n? El chino del cibercaf\u00e9 dice que no hab\u00eda visto nunca nada igual. Le digo si cree en las conspiraciones. Me dice con una sonrisa que hablaba de Iniesta. El presidente de mi comunidad nunca est\u00e1 en casa y su mujer dice que no sabe cu\u00e1ndo volver\u00e1. Creo que se ha ido con otra.<\/p>\n<p style=\"text-align: justify;\">31 de agosto: Estados Unidos retira sus \u00faltimos efectivos de combate de Irak; permanecer\u00e1n sin embargo cincuenta mil efectivos militares estadounidenses. Las gallinas que entran por las que salen: m\u00e1s agentes para vigilancia, control de la conexi\u00f3n, estrategias de spam, comentaristas de paisano&#8230;<\/p>\n<p style=\"text-align: justify;\">3 de octubre: Se hace p\u00fablico descubre el primer planeta extrasolar con condiciones habitables, el Gliese 581 c situado a 20 a\u00f1os luz de la Tierra. Me llev\u00e9 una alegr\u00eda. Por fin dejan el planeta, so\u00f1\u00e9 esperanzado aquellos fr\u00edos d\u00edas de octubre, y me lo dejan para m\u00ed: \u00a1si yo con el Carrefour, agua y luz voy sobrado!<\/p>\n<p style=\"text-align: justify;\">16 de diciembre: la C\u00e1mara de Representantes de EEUU aprueba la derogaci\u00f3n de la ley &#8216;no preguntes, no digas&#8217;. \u00a1Muahahaha! Eso es lo que les toca tanto los cojones, que pregunte y que diga y que los deje con el culo al aire, otra cosa no pero ese es mi lema, \u00a1les dejo con el culo al aire!, \u00a1les dejo con el culo al aire!<\/p>\n<p style=\"text-align: justify;\"><strong>En 2011<\/strong><\/p>\n<p style=\"text-align: justify;\">2 de enero: en Espa\u00f1a, entra en vigor la Nueva Ley Antitabaco, que proh\u00edbe fumar en cualquier espacio p\u00fablico cerrado. \u00a1Y qu\u00e9 ser\u00e1 lo siguiente, cabrones, la mar\u00eda, me vais a quitar la mar\u00eda tambi\u00e9n! \u00a1Muahaha! Pues junto a la fabada litoral tengo un cultivo de cojones, \u00a1 venid a quit\u00e1rmelo si os atrev\u00e9is! Mamones.<\/p>\n<p style=\"text-align: justify;\">2 de abril: en Espa\u00f1a, el presidente del gobierno Jos\u00e9 Luis Rodr\u00edguez Zapatero anuncia que no se presentar\u00e1 a las elecciones generales de 2012. Me cagu\u00e9 todo: pens\u00e9 que volv\u00eda el del bigote, pero no, es el pasmao. Pregunt\u00e9 en Twitter a uno del PP si siempre era as\u00ed de parao o era un ictus y djo que no, que es sobrio. Ah, puede ser, le respond\u00ed no muy convencido.<\/p>\n<p style=\"text-align: justify;\">29 de abril: se celebra la boda entre el pr\u00edncipe Guillermo de Gales y Catherine Elizabeth Middleton. \u00a1El d\u00eda m\u00e1s bonito de mi vida! Llor\u00e9 a moco tendido, ella tan guapa, \u00e9l tan afeminado, \u00a1fue precioso!<\/p>\n<p style=\"text-align: justify;\">15 de mayo: manifestaciones del movimiento Democracia Real Ya en toda Espa\u00f1a. Se extiende a 15M y se hacen varias manifestaciones con acampadas en principales ciudades de Espa\u00f1a. Cuando ya era indecente la acampada en San Telmo (Las Palmas de Gran Canaria), por el d\u00eda iba con bolsas de garrapatas ocultas en los vaqueros; luego las pinchaba con disimulo dentro del bolsillo y las soltaba en el c\u00e9sped. Otro d\u00eda, con la excusa de la Fiesta del Charco, cargu\u00e9 una pistola de agua con Sotal -un desinfectante muy corrosivo- pero nada, ni con Sotal los ech\u00e9 de all\u00ed. Luego me enter\u00e9 que les hab\u00eda pasado como a las hormigas: se hab\u00edan hecho resistentes a todo. Acamparon en mi blog.<\/p>\n<p style=\"text-align: justify;\">13 de agosto: en Italia, Silvio Berlusconi aprueba el plan de ajuste de gasto m\u00e1s restrictivo de la Uni\u00f3n Europea hasta la fecha: entre otras medidas, echar\u00e1 a 54\u00a0000\u00a0empleados de la administraci\u00f3n estatal y retrasar\u00e1 la edad de jubilaci\u00f3n en las mujeres para poder seguir foll\u00e1ndoselas como trabajadoras en activo, digo, para recuperar la econom\u00eda del pa\u00eds.<\/p>\n<p style=\"text-align: justify;\">9 de octubre: Erupci\u00f3n submarina en la isla de El Hierro, en las Islas Canarias. <strong>Esperemos que no pase nada a la gente del Hierro y un abrazo grande desde este blog<\/strong>, <strong>\u00a1estamos con vosotros para lo que haga falta!<\/strong> Ahora bien: solo digo que ya es casualidad que de repente se reviente magma justo en direcci\u00f3n a mi barrio, \u00a1ya es casualidad, no!<\/p>\n<p style=\"text-align: center;\"><em>And if you don&#8217;t wont to be down with me, you don&#8217;t want to pick from my appletree<\/em><\/p>\n<p style=\"text-align: center;\"><iframe loading=\"lazy\" src=\"http:\/\/www.youtube.com\/embed\/HStSKy2Ck9k?rel=0\" frameborder=\"0\" width=\"590\" height=\"430\"><\/iframe><\/p>\n<p style=\"text-align: center;\">[email_link]\n","protected":false},"excerpt":{"rendered":"<p>CBGB \u00a1Lo han intentado, s\u00ed! De muchas sutiles maneras. Por lo civil y por lo criminal; por activa y por pasiva, con el viento a favor y en contra, con rubias y con morenas, con el cobrador del frac y con el flamenco&#8230; Porque mi bit\u00e1cora ha resistido a todos estos intentos de eliminarla&#8230;\u00a0 \u00a1sigue viva!:<\/p>\n","protected":false},"author":1,"featured_media":0,"comment_status":"open","ping_status":"open","sticky":false,"template":"","format":"standard","meta":{"footnotes":""},"categories":[3],"tags":[64,368,708,1532,2066,2278,3230,3458],"class_list":["post-9054","post","type-post","status-publish","format-standard","hentry","category-web-20","tag-acontecimientos","tag-blogs","tag-conspiracion","tag-hierro","tag-magma","tag-mundo","tag-terremotos","tag-volcan"],"_links":{"self":[{"href":"https:\/\/escribocreativo.com\/blog\/wp-json\/wp\/v2\/posts\/9054","targetHints":{"allow":["GET"]}}],"collection":[{"href":"https:\/\/escribocreativo.com\/blog\/wp-json\/wp\/v2\/posts"}],"about":[{"href":"https:\/\/escribocreativo.com\/blog\/wp-json\/wp\/v2\/types\/post"}],"author":[{"embeddable":true,"href":"https:\/\/escribocreativo.com\/blog\/wp-json\/wp\/v2\/users\/1"}],"replies":[{"embeddable":true,"href":"https:\/\/escribocreativo.com\/blog\/wp-json\/wp\/v2\/comments?post=9054"}],"version-history":[{"count":0,"href":"https:\/\/escribocreativo.com\/blog\/wp-json\/wp\/v2\/posts\/9054\/revisions"}],"wp:attachment":[{"href":"https:\/\/escribocreativo.com\/blog\/wp-json\/wp\/v2\/media?parent=9054"}],"wp:term":[{"taxonomy":"category","embeddable":true,"href":"https:\/\/escribocreativo.com\/blog\/wp-json\/wp\/v2\/categories?post=9054"},{"taxonomy":"post_tag","embeddable":true,"href":"https:\/\/escribocreativo.com\/blog\/wp-json\/wp\/v2\/tags?post=9054"}],"curies":[{"name":"wp","href":"https:\/\/api.w.org\/{rel}","templated":true}]}}