{"id":9250,"date":"2011-11-02T08:00:33","date_gmt":"2011-11-02T08:00:33","guid":{"rendered":"http:\/\/poesiamas.net\/blog\/?p=9250"},"modified":"2011-11-02T08:00:33","modified_gmt":"2011-11-02T08:00:33","slug":"y-si-grecia-dice-no-texto-no-apto-para-susceptibles","status":"publish","type":"post","link":"https:\/\/escribocreativo.com\/blog\/2011\/11\/02\/y-si-grecia-dice-no-texto-no-apto-para-susceptibles\/","title":{"rendered":"Y si Grecia dice no (texto no apto para susceptibles)"},"content":{"rendered":"<p><img loading=\"lazy\" decoding=\"async\" class=\"aligncenter size-full wp-image-9254\" title=\"yunanistan-papandreu-kriz\" src=\"https:\/\/escribocreativo.com\/blog\/wp-content\/uploads\/2011\/11\/yunanistan-papandreu-kriz.jpg\" alt=\"\" width=\"460\" height=\"276\" \/><!--more--><\/p>\n<p style=\"text-align: justify;\">Herido de muerte, el soldado griego se debate entre seguir disparando en la trinchera con el resto de combatientes o dejar al resto de la UE a solas con el euro y desertar. Claro que una vez que fue admitido en el ej\u00e9rcito se comprob\u00f3 que hab\u00eda falsificado su informe m\u00e9dico y que era bizco, cojeaba, padec\u00eda anemia y que sus botas eran prestadas.<\/p>\n<p style=\"text-align: justify;\">El Rey de Espa\u00f1a hizo algo que Felipe Gonz\u00e1lez record\u00f3 en <em>El futuro no es lo que era<\/em>, una lectura recomendable: delegar poder. Pocos casos en la historia se han dado de monarcas que hayan delegado poder. En vez de montarse el chiringuito que Franco le hab\u00eda dejado preparado, decidi\u00f3 hacer lo contrario a Alfonso XIII, es decir, dar al pueblo una Constituci\u00f3n y acatarla. Para m\u00ed este dato supuso un antes y un despu\u00e9s en mi concepto de Juan Carlos I -aparcando para otro momento la necesidad de la monarqu\u00eda, que es un debate m\u00e1s complejo que el argumentario de un republicano-.<\/p>\n<p style=\"text-align: justify;\">Este dato -lo dif\u00edcil que es delegar poder- no solo me ha venido a la mente con la situaci\u00f3n del gobierno griego. Tuvo un precedente: Tony Blair. El ex primer ministro brit\u00e1nico hab\u00eda estado prometiendo que abandonar\u00eda el cargo a lo largo de muchos meses. Tantos, que Gordon Brown no ve\u00eda la hora de sucederlo en el puesto. Blair se desdec\u00eda una y otra vez, y pr\u00e1cticamente lo tuvieron que forzar a dimitir desde su propio partido y el pobre Gordon tuvo que &#8220;ponerse serio&#8221; para reclamar &#8220;lo que era suyo&#8221;.<\/p>\n<p style=\"text-align: justify;\">Con Papandreu sucede exactamente lo mismo, a tenor de las noticias desde diversos medios espa\u00f1oles: al sujeto le van a dar 130.000 millones de euros para tapar los agujeros que dec\u00edan no tener y una condonaci\u00f3n del 50 por ciento de la deuda. Pero al se\u00f1or no le basta. Tras el primer rescate, \u00e9l prefiere buscar la aprobaci\u00f3n del pueblo griego para legitimarse en el cargo&#8230; de cafre.<\/p>\n<blockquote>\n<p style=\"text-align: justify;\">El barco se hunde y parchean la v\u00eda de agua. Pero el brib\u00f3n de Papandreu dice: no hay suficiente con esta madera para la reparaci\u00f3n pero no s\u00e9 si la tripulaci\u00f3n prefiere arriar los botes e ir a la deriva a ver qu\u00e9 pasa o aceptar que nos env\u00eden m\u00e1s madera&#8230; a cambio de trabajar m\u00e1s por menos paga.<\/p>\n<p style=\"text-align: justify;\">Pero tambi\u00e9n amenaza mot\u00edn en el barco griego y adem\u00e1s parece que ya han empezado a arrojarse por la borda algunos marineros.<\/p>\n<\/blockquote>\n<p style=\"text-align: justify;\">\u00bfSer\u00e1 Papandreu m\u00e1s listo que todos los dem\u00e1s analistas de la UE y tendr\u00e1 la llave del futuro de Grecia y del universo? \u00bf<a href=\"http:\/\/www.elpais.com\/articulo\/economia\/Papandreu\/referendum\/ofrecera\/mensaje\/claro\/participacion\/euro\/elpepueco\/20111101elpepueco_5\/Tes\" target=\"_blank\">Qu\u00e9 querr\u00e1 decir cuando dice que en el refer\u00e9ndum tambi\u00e9n tienen que decidir si el futuro es si o no a Europa<\/a>, si o no al euro? \u00bfQuiere salirse y devaluar la moneda porque tal vez vea un mejor futuro para su pa\u00eds? Si esto fuera as\u00ed, no necesita un refer\u00e9ndum. Que lo explique a sus ciudadanos primero: &#8220;nos conviene salirnos del euro&#8221;. Y luego a ver qu\u00e9 quieren estos. Pero no puede hacer como Poncio Pilatos.<\/p>\n<p style=\"text-align: justify;\">El problema del personaje es que le da lo mismo arrastrar a todos los dem\u00e1s con \u00e9l -esto es, Italia y Espa\u00f1a, y de ah\u00ed el miedo de la UE-. Como espa\u00f1ol, mi visi\u00f3n de Papandreu es interesada.<\/p>\n<blockquote>\n<p style=\"text-align: justify;\">\u00bfHabr\u00eda que mandar un comando especial del MI5 y el CNI para colgarle en la espalda un cartel que ponga &#8220;Soy gilipollas&#8221; cada vez que se d\u00e9 la vuelta?<\/p>\n<\/blockquote>\n<p style=\"text-align: justify;\">Del otro lado, del peor lado, sin sueldo, sin posibilidad de futuro, los griegos, a los que les han dicho que van a estar d\u00e9cadas como la Europa del Este de la Guerra Fr\u00eda o a\u00fan peor, que tienen que estar hartos de padecer unos pol\u00edticos <del>de mierda<\/del> como esos que los han llevado al desastre por la avaricia de siempre: \u00bfd\u00f3nde est\u00e1 el dinero?<\/p>\n<p style=\"text-align: justify;\">Nadie se cree que la oposici\u00f3n de un gobierno -como el griego en este caso- desconozca las cifras reales de un pa\u00eds. Aqu\u00ed Rajoy se hubiera enterado de algo as\u00ed y le faltaban segundos para mandar a Pons a contarlo en rueda de prensa con los papeles en la mano. Esto tuvo que ser un arreglo de los grandes partidos griegos, que se fueron pasando la pelota de unos a otros con el apoyo de los grandes de las finanzas griegas.<\/p>\n<p style=\"text-align: justify;\">Y si todos, gobierno y oposici\u00f3n de aquella \u00e9poca, aceptaron la entrada en el euro sin poner el grito en el cielo y adem\u00e1s no buscaron la forma de reconducir el barco m\u00e1s tarde -ofreciendo cifras reales para taponar antes la v\u00eda de agua en petit comit\u00e9-, que los lleven a la plaza p\u00fablica encadenados sobre postes de madera para que el pueblo les pueda arrojar verduras podridas y escupirlos hasta quedar sin saliva. Se organizar\u00edan viajes de toda Europa y podr\u00edas ir a ver el Parten\u00f3n por la ma\u00f1ana, que se conserva en un perfecto estado de ruina, y por la tarde ir a escupir y arrojar verdura podrida a estos pol\u00edticos. Es un ejercicio \u00e9tico que considero edificante. \u00a1Esos padres explicando a sus hijos: &#8220;\u00bfSabes por qu\u00e9 ese se\u00f1or est\u00e1 ah\u00ed? \u00a1Porque eso no se hace , caca!&#8221;.<\/p>\n<p style=\"text-align: justify;\">\u00bfY ahora Papandreu tiene la desfachatez -el careto, los huevos- de meter a sus ciudadanos en la tesitura de un refer\u00e9ndum para salvar su nula credibilidad -los refer\u00e9ndums <strong>siempre<\/strong> los proponen los pol\u00edticos, jam\u00e1s los pueblos, para nosotros nos quedan las manifestaciones-? Si Robespierre resucita en Atenas y se entera de todo esto le aplica el garrote vil.<\/p>\n<p style=\"text-align: justify;\">\u00bfCu\u00e1l es la opci\u00f3n de Europa? No lo pueden presionar, dicen los analistas; pueden <strong>rezar<\/strong> para que salga un s\u00ed como una catedral porque la UE necesita como agua de mayo que Grecia coja el dinero para que no se le siga destartalando el puzzle. Y adem\u00e1s que lo aplique con las medidas extremas que lleva -m\u00e1s- para su poblaci\u00f3n.<\/p>\n<p style=\"text-align: justify;\">Hay pol\u00edticos con grandeza, cumplidores y miserables. El Papandreu huele como estos \u00faltimos. Arist\u00f3teles, Plat\u00f3n y S\u00f3crates, S\u00f3focles, Eur\u00edpides, Homero, Pit\u00e1goras&#8230; Lo de Grecia revienta la frase: <em>un pueblo tiene el gobierno que se merece<\/em>.<\/p>\n<p style=\"text-align: justify;\">No, la experiencia me dice que: <em>un pueblo tiene el gobierno que padece<\/em>. Y si no que se lo pregunten a Quilapay\u00fan.<\/p>\n<p><center><iframe loading=\"lazy\" src=\"http:\/\/www.youtube.com\/embed\/F6SksjDv0Ko?rel=0\" frameborder=\"0\" width=\"580\" height=\"423\"><\/iframe><\/center>Mira la batea, c\u00f3mo se menea<br \/>\ncomo se menea el agua en la batea.<\/p>\n<p>De los cuatro pinganillas, qu\u00e9 barbaridad,<br \/>\nel Merino es curag\u00fcilla, qu\u00e9 fatalidad.<br \/>\nPinganillas, curag\u00fcillas,<br \/>\ny el Mendoza para el combo y la pat\u00e1.<\/p>\n<p>El m\u00e1s gil se llama Augusto, qu\u00e9 barbaridad,<br \/>\ncucarrea que da susto, qu\u00e9 fatalidad.<br \/>\nEl Augusto, tiene susto,<br \/>\nporque pronto su castigo llegar\u00e1,<\/p>\n<p>El cerebro de Gustavo, qu\u00e9 barbaridad,<br \/>\ncu\u00e1nta cabeza de pescado, qu\u00e9 fatalidad.<br \/>\nEl Gustavo, los pescados,<br \/>\neste circo de gorilas nunca m\u00e1s<br \/>\n<em><\/em><\/p>\n<p><strong><em>batea.<\/em><\/strong><\/p>\n<p><strong><em>(Del \u00e1r. hisp. *ba\u1e6d\u00ed\u1e25a, y este del \u00e1r. cl\u00e1s. ba\u1e6d\u012b\u1e25ah, lugar llano).<\/em><\/strong><\/p>\n<p><strong><em>4. f. Recipiente de forma normalmente c\u00fabica que se usa para el lavado<\/em> de minerales.<\/strong><\/p>\n<p>El plan B, porque Am\u00e9rica sabe mucho de esto, y puede dar lecciones y lecciones, es lo mismo pero cantado de otra manera, una historia agarrada de forma m\u00e1s intensa y con un dolor m\u00e1s profundo. El genio de Blades, claro.<\/p>\n<p><center><iframe loading=\"lazy\" src=\"http:\/\/www.youtube.com\/embed\/q7-Qbv5aX9Q?rel=0\" frameborder=\"0\" width=\"580\" height=\"475\"><\/iframe><\/center><\/p>\n<p style=\"text-align: center;\">Eh le le le le le le le<br \/>\nLe le le le le le le le<br \/>\nRegresa un hombre en silencio<br \/>\nDe su trabajo cansado<br \/>\nSu paso no lleva prisa<br \/>\nSu sombra nunca lo alcanza<br \/>\nLo espera el barrio de siempre<br \/>\nCon el farol en la esquina<br \/>\nCon la basura alla en frente<br \/>\nY el ruido de la cantina<br \/>\nPablo Pueblo<br \/>\nllega hasta el zaguan oscuro<br \/>\nY vuelve a ver las paredes<br \/>\nCon las viejas papeletas<br \/>\nQue prometian futuros<br \/>\nen lides politiqueras<br \/>\nY en su cara se dibuja<br \/>\nla decepci\u00f3n de la espera<br \/>\nPablo Pueblo<br \/>\nhijo del grito y la calle<br \/>\nDe la miseria y del hambre<br \/>\nDel callej\u00f3n y la pena<br \/>\nPablo Pueblo<br \/>\nSu alimento es la esperanza<br \/>\nSu paso no lleva prisa<br \/>\nSu sombra nunca lo alcanza<br \/>\n[&#8230;]\n<p style=\"text-align: center;\">[email_link]\n","protected":false},"excerpt":{"rendered":"","protected":false},"author":1,"featured_media":0,"comment_status":"open","ping_status":"open","sticky":false,"template":"","format":"standard","meta":{"footnotes":""},"categories":[10],"tags":[771,1473,2483,2810,2841,3352],"class_list":["post-9250","post","type-post","status-publish","format-standard","hentry","category-la-ciudad-reflexiva","tag-crisis","tag-grecia","tag-papandreu","tag-referendum","tag-rescate","tag-ue"],"_links":{"self":[{"href":"https:\/\/escribocreativo.com\/blog\/wp-json\/wp\/v2\/posts\/9250","targetHints":{"allow":["GET"]}}],"collection":[{"href":"https:\/\/escribocreativo.com\/blog\/wp-json\/wp\/v2\/posts"}],"about":[{"href":"https:\/\/escribocreativo.com\/blog\/wp-json\/wp\/v2\/types\/post"}],"author":[{"embeddable":true,"href":"https:\/\/escribocreativo.com\/blog\/wp-json\/wp\/v2\/users\/1"}],"replies":[{"embeddable":true,"href":"https:\/\/escribocreativo.com\/blog\/wp-json\/wp\/v2\/comments?post=9250"}],"version-history":[{"count":0,"href":"https:\/\/escribocreativo.com\/blog\/wp-json\/wp\/v2\/posts\/9250\/revisions"}],"wp:attachment":[{"href":"https:\/\/escribocreativo.com\/blog\/wp-json\/wp\/v2\/media?parent=9250"}],"wp:term":[{"taxonomy":"category","embeddable":true,"href":"https:\/\/escribocreativo.com\/blog\/wp-json\/wp\/v2\/categories?post=9250"},{"taxonomy":"post_tag","embeddable":true,"href":"https:\/\/escribocreativo.com\/blog\/wp-json\/wp\/v2\/tags?post=9250"}],"curies":[{"name":"wp","href":"https:\/\/api.w.org\/{rel}","templated":true}]}}