{"id":9296,"date":"2011-11-10T00:10:47","date_gmt":"2011-11-10T00:10:47","guid":{"rendered":"http:\/\/poesiamas.net\/blog\/?p=9296"},"modified":"2015-03-11T13:48:02","modified_gmt":"2015-03-11T13:48:02","slug":"berlusconi-y-el-cangrejo-aferrado-a-la-piedra","status":"publish","type":"post","link":"https:\/\/escribocreativo.com\/blog\/2011\/11\/10\/berlusconi-y-el-cangrejo-aferrado-a-la-piedra\/","title":{"rendered":"Berlusconi y el cangrejo aferrado a la piedra"},"content":{"rendered":"<p style=\"text-align: justify;\"><a href=\"https:\/\/escribocreativo.com\/blog\/wp-content\/uploads\/2011\/11\/berlusconi.jpg\"><img loading=\"lazy\" decoding=\"async\" class=\"aligncenter size-full wp-image-9300\" title=\"Berlusconi\" src=\"https:\/\/escribocreativo.com\/blog\/wp-content\/uploads\/2011\/11\/berlusconi.jpg\" alt=\"\" width=\"397\" height=\"356\" \/><\/a>En 2009, publiqu\u00e9 unas palabras del semi\u00f3logo y escritor Umberto Eco, una inteligencia como pocas hay entre los intelectuales europeos. M\u00e1s que <em>El nombre de la rosa<\/em>, para m\u00ed Eco es <em>Signo<\/em>. Un fragmento de su breve ensayo:<\/p>\n<blockquote>\n<p style=\"text-align: justify;\">Una televisi\u00f3n controlada por el poder no debe necesariamente censurar las noticias. Naturalmente, por parte de los esclavos del poder no faltan tampoco tentativas de censura, como una muy reciente (afortunadamente ex post, como dicen quienes dicen un moment\u00edn y pool position), por la que se juzg\u00f3 inadmisible que en un programa televisivo se pudiera hablar mal del jefe del Gobierno (olvidando que en un r\u00e9gimen democr\u00e1tico se puede y se debe hablar mal del jefe del Gobierno; en caso contrario, nos hallamos en un r\u00e9gimen dictatorial). Pero se trata s\u00f3lo de los casos m\u00e1s visibles (y, si no fueran tr\u00e1gicos, risibles).<\/p>\n<p style=\"text-align: justify;\">\n<\/blockquote>\n<p style=\"text-align: justify;\"><!--more--><\/p>\n<blockquote>\n<p style=\"text-align: justify;\">El problema es que se puede instaurar un r\u00e9gimen medi\u00e1tico en positivo, con la apariencia de decirlo todo. Basta saber c\u00f3mo decirlo. Y si ninguna televisi\u00f3n dijera lo que piensa Fassino [l\u00edder de la oposici\u00f3n], acerca de la ley tal de cual, entre los espectadores nacer\u00eda la sospecha de que la televisi\u00f3n oculta algo, porque se sabe que en alguna parte hay una oposici\u00f3n. La televisi\u00f3n de un r\u00e9gimen medi\u00e1tico usa en cambio ese artificio ret\u00f3rico que se llama \u201cconcesi\u00f3n\u201d.<\/p>\n<\/blockquote>\n<p style=\"text-align: justify;\">Berlusconi se aferra al poder como un cangrejo a una piedra. Sabe que perder\u00e1 su protecci\u00f3n judicial -gracias a las leyes creadas para s\u00ed mismo- en cuanto abandone la presidencia, y adem\u00e1s sabe que diecisiete a\u00f1os despu\u00e9s encaja perfectamente en ese eufemismo llamado &#8220;cad\u00e1ver pol\u00edtico&#8221;. Si quieres leer el &#8220;truco de las televisiones&#8221; que desmenuza Eco atacando el control medi\u00e1tico del buf\u00f3n italiano, puedes leer <a title=\"Berlusconi revisited\" href=\"https:\/\/escribocreativo.com\/blog\/2009\/06\/05\/berlusconi-revisited\/\">Berlusconi Revisited completo<\/a>.<\/p>\n<p style=\"text-align: center;\">[email_link]\n","protected":false},"excerpt":{"rendered":"<p>En 2009, publiqu\u00e9 unas palabras del semi\u00f3logo y escritor Umberto Eco, una inteligencia como pocas hay entre los intelectuales europeos. M\u00e1s que El nombre de la rosa, para m\u00ed Eco es Signo. Un fragmento de su breve ensayo: Una televisi\u00f3n controlada por el poder no debe necesariamente censurar las noticias. Naturalmente, por parte de los esclavos del poder no faltan[&#8230;]<\/p>\n","protected":false},"author":1,"featured_media":0,"comment_status":"open","ping_status":"open","sticky":false,"template":"","format":"standard","meta":{"footnotes":""},"categories":[10],"tags":[46,321,771,3357],"class_list":["post-9296","post","type-post","status-publish","format-standard","hentry","category-la-ciudad-reflexiva","tag-a-paso-de-cangrejo","tag-berlusconi","tag-crisis","tag-umberto-eco"],"_links":{"self":[{"href":"https:\/\/escribocreativo.com\/blog\/wp-json\/wp\/v2\/posts\/9296","targetHints":{"allow":["GET"]}}],"collection":[{"href":"https:\/\/escribocreativo.com\/blog\/wp-json\/wp\/v2\/posts"}],"about":[{"href":"https:\/\/escribocreativo.com\/blog\/wp-json\/wp\/v2\/types\/post"}],"author":[{"embeddable":true,"href":"https:\/\/escribocreativo.com\/blog\/wp-json\/wp\/v2\/users\/1"}],"replies":[{"embeddable":true,"href":"https:\/\/escribocreativo.com\/blog\/wp-json\/wp\/v2\/comments?post=9296"}],"version-history":[{"count":0,"href":"https:\/\/escribocreativo.com\/blog\/wp-json\/wp\/v2\/posts\/9296\/revisions"}],"wp:attachment":[{"href":"https:\/\/escribocreativo.com\/blog\/wp-json\/wp\/v2\/media?parent=9296"}],"wp:term":[{"taxonomy":"category","embeddable":true,"href":"https:\/\/escribocreativo.com\/blog\/wp-json\/wp\/v2\/categories?post=9296"},{"taxonomy":"post_tag","embeddable":true,"href":"https:\/\/escribocreativo.com\/blog\/wp-json\/wp\/v2\/tags?post=9296"}],"curies":[{"name":"wp","href":"https:\/\/api.w.org\/{rel}","templated":true}]}}