{"id":9345,"date":"2011-11-16T07:00:35","date_gmt":"2011-11-16T07:00:35","guid":{"rendered":"http:\/\/poesiamas.net\/blog\/?p=9345"},"modified":"2011-11-16T07:00:35","modified_gmt":"2011-11-16T07:00:35","slug":"cobardes-e-imbeciles","status":"publish","type":"post","link":"https:\/\/escribocreativo.com\/blog\/2011\/11\/16\/cobardes-e-imbeciles\/","title":{"rendered":"Cobardes e imb\u00e9ciles"},"content":{"rendered":"<p><strong>Cobardes.<\/strong><\/p>\n<p style=\"text-align: justify;\">Me encuentro rodeado de gente cobarde: que os corten a todos la cabeza. A veces el aparato fonador lo afina el diablo y de ah\u00ed esos disparos de fogueo que sueltan. Mi m\u00e1xima es: decir la verdad es de valientes porque para la mentira vale cualquiera. Hablo de la verdad necesaria porque nos pasamos la mitad de la semana mintiendo, e incluso algunos mienten cuando sue\u00f1an. A m\u00ed me mienten hasta mis sue\u00f1os. Es desesperante estar todo el d\u00eda disfrazado de lo que yo pensaba que era una persona normal. Y no digo nada cuando el afinador arpegia mis cuerdas vocales ahumadas con su colonia de azufre. Decir la verdad no es un valor postmoderno: <strong>vivimos una \u00e9poca clasista<\/strong>. Inventa una excusa para no ir, inventa una excusa para decir que no, inventa una excusa para no pagar tus errores, el diablo sentado sobre tu faringe.<\/p>\n<p style=\"text-align: justify;\"><!--more--><\/p>\n<p style=\"text-align: justify;\"><strong>El poder del pensamiento visual y otras sandeces.<\/strong><\/p>\n<p style=\"text-align: justify;\">Es mentira que se pueda cambiar la realidad y que as\u00ed se ajuste a lo que uno quiera que sea -da igual que te pases la vida intent\u00e1ndolo-. Y es que:<\/p>\n<blockquote>\n<p style=\"text-align: justify;\">Si te han despedido es porque no tienes un pensamiento positivo, les dec\u00edan, y si no encuentras trabajo es porque no has visto lo que de positivo tiene esta oportunidad. Y sobre esto se ha creado una gigantesca industria que b\u00e1sicamente consiste en decir que <strong>uno puede conseguirlo todo si solo cambia su manera de pensar<\/strong>. Es simplemente cruel decirle a alguien que ha perdido su trabajo o a quien le han diagnosticado una enfermedad importante que debe trabajar en su actitud.<\/p>\n<p><a href=\"http:\/\/www.elpais.com\/articulo\/cultura\/posible\/funcione\/sistema\/hay\/consumidores\/elpepicul\/20111114elpepicul_2\/Tes\" target=\"_blank\">&#8220;\u00bfC\u00f3mo es posible que funcione el sistema si no hay consumidores?&#8221;<\/a>, ElPais.com.<\/p><\/blockquote>\n<p style=\"text-align: justify;\">Una aburrida s\u00e1tira de esto es la serie <a href=\"http:\/\/www.hbo.com\/enlightened\/index.html\" target=\"_blank\"><em>Enlightened<\/em><\/a>, donde Laura Dern encarna a una mujer que acude, en plena crisis galopante de los 40 -tras un ataque de ira y ansiedad en su trabajo- a un retiro espiritual en Hawai -com\u00fanmente conocido como &#8220;terapia&#8221;-. Al volver intentar\u00e1 hacer nuevos adeptos de esta forma alternativa de ver el mundo en su trabajo, relaciones familiares y amigos. Todos la tratan de &#8220;loca&#8221;. Y es que no s\u00e9 muy bien si el personaje me da pena o verg\u00fcenza ajena. No me voy a pasar una temporada para ver c\u00f3mo encuentra el equilibrio entre el mundo ideal y la realidad.<\/p>\n<blockquote>\n<p style=\"text-align: justify;\">Despu\u00e9s de ver los tres primeros cap\u00edtulos -\u00a1tres!- tuve que ir a <a href=\"http:\/\/www.nbc.com\/the-office\/\" target=\"_blank\"><em>The Office<\/em><\/a> a desintoxicarme. Por cierto, prob\u00e9 <em><a href=\"http:\/\/www.amctv.com\/shows\/hell-on-wheels\" target=\"_blank\">Hell on Wheels<\/a><\/em>: en dos cap\u00edtulos me enganch\u00f3. Est\u00e1 esperando turno <em><a href=\"http:\/\/beta.abc.go.com\/shows\/once-upon-a-time\/index\" target=\"_blank\">Once upon a time<\/a><\/em> pero cuando salga el octavo de <em><a href=\"http:\/\/www.sho.com\/site\/dexter\/home.do\" target=\"_blank\">Dexter<\/a><\/em> pongo el freno de mano y la noria de series a probar se detiene. Dexter es mucho Dexter. Y no es justo que Mad Men comience en 2012.<\/p>\n<\/blockquote>\n<p style=\"text-align: justify;\">En conclusi\u00f3n: mirarnos a nosotros mismos y evolucionar es un trabajo personal arduo y que requiere tiempo completo. Est\u00e1 la opci\u00f3n de un retiro espiritual -Hawai, el T\u00edbet, la India, un centro de yoga de tu ciudad- o bien vivir sopesando que puedes cuidarte y buscar afecto y lo necesario para vivir el tiempo que tus c\u00e9lulas o el azar dispongan y dejar pensar que el problema eres t\u00fa o los dem\u00e1s. No hay confrontaci\u00f3n. No hay vencedores y t\u00fa eres el vencido. No hay trabajo si no sales a buscarlo, no hay sexo si no sales a buscarlo, no hay amigos si no sales a buscarlos, no hay familia si no te preocupas por ella. Est\u00e1 todo m\u00e1s en el acto que en lo dem\u00e1s. Tan solo abre bien los ojos, medita, date tiempo para pensar un tiempo largo. Largo como para olvidarte de los significados de esos significantes: d\u00edas, semanas, meses, lustros&#8230; Son palabras huecas porque \u00bfqu\u00e9 medida puede haber para entender el por qu\u00e9 hacemos esto o lo otro o el mecanismo de nuestra l\u00f3gica particular? O puedes ser una persona mezquina la mayor parte de tu vida, pero esto aparte de ser una posibilidad es una realidad evolutiva. Tiene que haber imb\u00e9ciles para sumar a las estad\u00edsticas como hay muflones d\u00e9biles que sucumben ante los m\u00e1s fuertes.<\/p>\n<p style=\"text-align: justify;\"><strong>Una \u00faltima cuesti\u00f3n.<\/strong><\/p>\n<p style=\"text-align: justify;\">Te has dado cuenta que, salvo cuando te miras en un espejo, \u00bfno tienes cabeza?<\/p>\n<p style=\"text-align: center;\"><span style=\"font-size: x-small;\"><em>\u00bfY qu\u00e9 le digo yo a la gente que no est\u00e1 de acuerdo conmigo en estos asuntos?<\/em><\/span><iframe loading=\"lazy\" src=\"http:\/\/www.youtube.com\/embed\/OOMpq1bEvZ8\" frameborder=\"0\" width=\"580\" height=\"423\"><\/iframe><\/p>\n<p style=\"text-align: center;\">[email_link]\n","protected":false},"excerpt":{"rendered":"<p>Cobardes. Me encuentro rodeado de gente cobarde: que os corten a todos la cabeza. A veces el aparato fonador lo afina el diablo y de ah\u00ed esos disparos de fogueo que sueltan. Mi m\u00e1xima es: decir la verdad es de valientes porque para la mentira vale cualquiera. Hablo de la verdad necesaria porque nos pasamos la mitad de la semana[&#8230;]<\/p>\n","protected":false},"author":1,"featured_media":0,"comment_status":"open","ping_status":"open","sticky":false,"template":"","format":"standard","meta":{"footnotes":""},"categories":[10],"tags":[636,1626],"class_list":["post-9345","post","type-post","status-publish","format-standard","hentry","category-la-ciudad-reflexiva","tag-cobardes","tag-imbeciles"],"_links":{"self":[{"href":"https:\/\/escribocreativo.com\/blog\/wp-json\/wp\/v2\/posts\/9345","targetHints":{"allow":["GET"]}}],"collection":[{"href":"https:\/\/escribocreativo.com\/blog\/wp-json\/wp\/v2\/posts"}],"about":[{"href":"https:\/\/escribocreativo.com\/blog\/wp-json\/wp\/v2\/types\/post"}],"author":[{"embeddable":true,"href":"https:\/\/escribocreativo.com\/blog\/wp-json\/wp\/v2\/users\/1"}],"replies":[{"embeddable":true,"href":"https:\/\/escribocreativo.com\/blog\/wp-json\/wp\/v2\/comments?post=9345"}],"version-history":[{"count":0,"href":"https:\/\/escribocreativo.com\/blog\/wp-json\/wp\/v2\/posts\/9345\/revisions"}],"wp:attachment":[{"href":"https:\/\/escribocreativo.com\/blog\/wp-json\/wp\/v2\/media?parent=9345"}],"wp:term":[{"taxonomy":"category","embeddable":true,"href":"https:\/\/escribocreativo.com\/blog\/wp-json\/wp\/v2\/categories?post=9345"},{"taxonomy":"post_tag","embeddable":true,"href":"https:\/\/escribocreativo.com\/blog\/wp-json\/wp\/v2\/tags?post=9345"}],"curies":[{"name":"wp","href":"https:\/\/api.w.org\/{rel}","templated":true}]}}