{"id":9379,"date":"2011-11-25T07:00:16","date_gmt":"2011-11-25T07:00:16","guid":{"rendered":"http:\/\/poesiamas.net\/blog\/?p=9379"},"modified":"2015-03-11T13:48:01","modified_gmt":"2015-03-11T13:48:01","slug":"rusia-ya-no-es-la-urss","status":"publish","type":"post","link":"https:\/\/escribocreativo.com\/blog\/2011\/11\/25\/rusia-ya-no-es-la-urss\/","title":{"rendered":"Rusia ya no es la URSS"},"content":{"rendered":"<p style=\"text-align: justify;\"><a href=\"https:\/\/escribocreativo.com\/blog\/wp-content\/uploads\/2011\/11\/bloqueguerrafria.jpg\"><img loading=\"lazy\" decoding=\"async\" class=\"aligncenter size-medium wp-image-9385\" title=\"bloqueguerrafria\" src=\"https:\/\/escribocreativo.com\/blog\/wp-content\/uploads\/2011\/11\/bloqueguerrafria-300x281.jpg\" alt=\"\" width=\"300\" height=\"281\" \/><\/a>Vlad\u00edmir Mau, Rector de la Academia Presidencial Rusa de Econom\u00eda y Administraci\u00f3n P\u00fablica:<\/p>\n<blockquote><p>A los rusos no les gusta la igualdad social.<\/p><\/blockquote>\n<p style=\"text-align: justify;\"><!--more--><\/p>\n<p style=\"text-align: justify;\">&#8230; en respuesta a las cada vez mayores diferencias entre pobres y ricos en Rusia. Es una forma de ver la realidad; curiosa, pero forma.<\/p>\n<blockquote>\n<p style=\"text-align: justify;\">Si los rusos quieren emigrar es porque tienen libertad. Hace viente a\u00f1os en la Uni\u00f3n Sovi\u00e9tica nadie pensaba en salir del pa\u00eds.<\/p>\n<\/blockquote>\n<p style=\"text-align: justify;\">&#8230; salvo para unas vacaciones pagadas en Siberia.<\/p>\n<blockquote><p>Tal vez no est\u00e9 tan desarrollada como en Reino Unido, pero es mucho mejor que en la URSS.<\/p><\/blockquote>\n<p>&#8230; en respuesta al estado de la democracia en Rusia. El que no se consuela&#8230;<\/p>\n<p>En El Pa\u00eds, 22 de noviembre de 2011, en <em>Almuerzo con&#8230;<\/em><\/p>\n","protected":false},"excerpt":{"rendered":"<p>Vlad\u00edmir Mau, Rector de la Academia Presidencial Rusa de Econom\u00eda y Administraci\u00f3n P\u00fablica: A los rusos no les gusta la igualdad social.<\/p>\n","protected":false},"author":1,"featured_media":0,"comment_status":"open","ping_status":"open","sticky":false,"template":"","format":"standard","meta":{"footnotes":""},"categories":[10],"tags":[861,1114,2931,3049,3376],"class_list":["post-9379","post","type-post","status-publish","format-standard","hentry","category-la-ciudad-reflexiva","tag-democracia","tag-emigracion","tag-rusia","tag-siberia","tag-urss"],"_links":{"self":[{"href":"https:\/\/escribocreativo.com\/blog\/wp-json\/wp\/v2\/posts\/9379","targetHints":{"allow":["GET"]}}],"collection":[{"href":"https:\/\/escribocreativo.com\/blog\/wp-json\/wp\/v2\/posts"}],"about":[{"href":"https:\/\/escribocreativo.com\/blog\/wp-json\/wp\/v2\/types\/post"}],"author":[{"embeddable":true,"href":"https:\/\/escribocreativo.com\/blog\/wp-json\/wp\/v2\/users\/1"}],"replies":[{"embeddable":true,"href":"https:\/\/escribocreativo.com\/blog\/wp-json\/wp\/v2\/comments?post=9379"}],"version-history":[{"count":0,"href":"https:\/\/escribocreativo.com\/blog\/wp-json\/wp\/v2\/posts\/9379\/revisions"}],"wp:attachment":[{"href":"https:\/\/escribocreativo.com\/blog\/wp-json\/wp\/v2\/media?parent=9379"}],"wp:term":[{"taxonomy":"category","embeddable":true,"href":"https:\/\/escribocreativo.com\/blog\/wp-json\/wp\/v2\/categories?post=9379"},{"taxonomy":"post_tag","embeddable":true,"href":"https:\/\/escribocreativo.com\/blog\/wp-json\/wp\/v2\/tags?post=9379"}],"curies":[{"name":"wp","href":"https:\/\/api.w.org\/{rel}","templated":true}]}}