{"id":9490,"date":"2011-12-14T10:25:23","date_gmt":"2011-12-14T10:25:23","guid":{"rendered":"http:\/\/poesiamas.net\/blog\/?p=9490"},"modified":"2011-12-14T10:25:23","modified_gmt":"2011-12-14T10:25:23","slug":"estructura-subyacente-en-un-blog","status":"publish","type":"post","link":"https:\/\/escribocreativo.com\/blog\/2011\/12\/14\/estructura-subyacente-en-un-blog\/","title":{"rendered":"Estructura subyacente en un blog"},"content":{"rendered":"<p style=\"text-align: justify;\"><a href=\"https:\/\/escribocreativo.com\/blog\/wp-content\/uploads\/2011\/12\/carpart-sculpturerooster.jpg\"><img loading=\"lazy\" decoding=\"async\" class=\"aligncenter size-medium wp-image-9491\" title=\"Estructura blog\" src=\"https:\/\/escribocreativo.com\/blog\/wp-content\/uploads\/2011\/12\/carpart-sculpturerooster-300x231.jpg\" alt=\"\" width=\"300\" height=\"231\" \/><\/a>\u00bfTe has planteado qu\u00e9 dice tu dise\u00f1o de tu blog -que a fin de cuentas es una extensi\u00f3n de ti mismo-? A estas alturas de la pel\u00edcula, considero m\u00e1s importante tener el blog como a uno le gusta antes que tomar demasiado en serio otras consideraciones t\u00e9cnicas, como las medidas para obtener un buen lugar en el r\u00e1nking de Google.<\/p>\n<p style=\"text-align: justify;\">A fin de cuentas, vas a pasarte horas al mes escribiendo en \u00e9l. Y ya puestos, nos ponemos c\u00f3modos. Mucha tranquilidad: esto es como amueblar una casa, vas poniendo y quitando elementos hasta que un d\u00eda te vas aproximando a lo que te gusta.<\/p>\n<p style=\"text-align: justify;\">Lo malo es que, al igual que ocurre con las casas, no acabas de terminarlo nunca. No recomendar\u00eda a un obsesivo compulsivo un blog.<\/p>\n<p style=\"text-align: justify;\"><!--more--><\/p>\n<p style=\"text-align: justify;\">He estado haciendo cambios para acercar el dise\u00f1o m\u00e1s a mi visi\u00f3n est\u00e9tica. Por fin me he tomado diez minutos y desde ayer hay dos p\u00e1ginas nuevas en el men\u00fa superior que hacen la portada menos &#8220;pesada&#8221;. Por una lado, <strong>Archivos<\/strong>, donde puedes encontrar<em> las categor\u00edas, el listado por meses, los RSS del blog y sus comentarios <\/em>adem\u00e1s de<em> los cincuenta \u00faltimos art\u00edculos<\/em>. Por otro, mi<strong> Red de Amigos<\/strong>, donde he listado los<em> enlaces a blogs que considero muy interesantes<\/em>.<\/p>\n<p style=\"text-align: justify;\">Por tanto, en la portada del blog solo queda como informaci\u00f3n adicional a los art\u00edculos <strong><a href=\"http:\/\/www.facebook.com\/pages\/La-ciudad-de-un-bill%C3%B3n-de-sue%C3%B1os\/143092995736472\" target=\"_blank\">la P\u00e1gina de Facebook del blog<\/a><\/strong>, la opci\u00f3n de <em>suscribirte por correo<\/em>, <em>las etiquetas m\u00e1s relevantes<\/em> y <em>los art\u00edculos m\u00e1s populares del momento<\/em>.<\/p>\n<p style=\"text-align: justify;\">Es un relax para mi vista ver la barra lateral tan limpia. Lo que defines con el dise\u00f1o de un blog es tambi\u00e9n tu estructura de pensamiento, c\u00f3mo ordenas el caos. Un blog ordenado es m\u00e1s sencillo de leer.<\/p>\n<p style=\"text-align: center;\">[email_link]\n","protected":false},"excerpt":{"rendered":"<p>\u00bfTe has planteado qu\u00e9 dice tu dise\u00f1o de tu blog -que a fin de cuentas es una extensi\u00f3n de ti mismo-? A estas alturas de la pel\u00edcula, considero m\u00e1s importante tener el blog como a uno le gusta antes que tomar demasiado en serio otras consideraciones t\u00e9cnicas, como las medidas para obtener un buen lugar en el r\u00e1nking de Google.[&#8230;]<\/p>\n","protected":false},"author":1,"featured_media":0,"comment_status":"open","ping_status":"open","sticky":false,"template":"","format":"standard","meta":{"footnotes":""},"categories":[3],"tags":[202,368,941,1148,1221,1269,2222],"class_list":["post-9490","post","type-post","status-publish","format-standard","hentry","category-web-20","tag-archivos","tag-blogs","tag-diseno","tag-enlaces","tag-estructura","tag-facebook","tag-minimalista"],"_links":{"self":[{"href":"https:\/\/escribocreativo.com\/blog\/wp-json\/wp\/v2\/posts\/9490","targetHints":{"allow":["GET"]}}],"collection":[{"href":"https:\/\/escribocreativo.com\/blog\/wp-json\/wp\/v2\/posts"}],"about":[{"href":"https:\/\/escribocreativo.com\/blog\/wp-json\/wp\/v2\/types\/post"}],"author":[{"embeddable":true,"href":"https:\/\/escribocreativo.com\/blog\/wp-json\/wp\/v2\/users\/1"}],"replies":[{"embeddable":true,"href":"https:\/\/escribocreativo.com\/blog\/wp-json\/wp\/v2\/comments?post=9490"}],"version-history":[{"count":0,"href":"https:\/\/escribocreativo.com\/blog\/wp-json\/wp\/v2\/posts\/9490\/revisions"}],"wp:attachment":[{"href":"https:\/\/escribocreativo.com\/blog\/wp-json\/wp\/v2\/media?parent=9490"}],"wp:term":[{"taxonomy":"category","embeddable":true,"href":"https:\/\/escribocreativo.com\/blog\/wp-json\/wp\/v2\/categories?post=9490"},{"taxonomy":"post_tag","embeddable":true,"href":"https:\/\/escribocreativo.com\/blog\/wp-json\/wp\/v2\/tags?post=9490"}],"curies":[{"name":"wp","href":"https:\/\/api.w.org\/{rel}","templated":true}]}}