{"id":979,"date":"2008-11-20T12:19:56","date_gmt":"2008-11-20T19:19:56","guid":{"rendered":"http:\/\/poesiamas.net\/blog\/?p=979"},"modified":"2015-03-11T13:48:06","modified_gmt":"2015-03-11T13:48:06","slug":"europeana","status":"publish","type":"post","link":"https:\/\/escribocreativo.com\/blog\/2008\/11\/20\/europeana\/","title":{"rendered":"Europeana"},"content":{"rendered":"<p style=\"text-align: justify;\"><a href=\"https:\/\/escribocreativo.com\/blog\/wp-content\/uploads\/2008\/11\/new_look_for_europeana_launch_1.jpg\"><img loading=\"lazy\" decoding=\"async\" class=\"aligncenter size-medium wp-image-980\" title=\"new_look_for_europeana_launch_1\" src=\"https:\/\/escribocreativo.com\/blog\/wp-content\/uploads\/2008\/11\/new_look_for_europeana_launch_1-206x300.jpg\" alt=\"\" width=\"206\" height=\"300\" \/><\/a><\/p>\n<p style=\"text-align: justify;\"><a href=\"http:\/\/www.europeana.eu\/portal\/\" target=\"_blank\">Europeana, el museo, biblioteca y archivo digital de la UE<\/a>, se ha abierto por fin, y al parecer se ha producido una saturaci\u00f3n. Los internautas han acogido la idea con alegr\u00eda y esta avalancha ha bloqueado el acceso al sistema. Los responsables esperan solucionarlo en los pr\u00f3ximos d\u00edas.<\/p>\n<p style=\"text-align: justify;\"><!--more--><\/p>\n<p style=\"text-align: justify;\">Sin duda, es una gran noticia poder acceder, de forma gratuita, al conocimiento. Estos son los proyectos que los ciudadanos de la UE esperan ver reflejados: aquellos que hermanan culturas y dan acceso libre al conocimiento. Enhorabuena a los responsables y esperemos que todo se solucione pronto. Libros, pel\u00edculas, pinturas, peri\u00f3dicos&#8230; al alcance de un click. \u00a1Me voy a visitarla!<\/p>\n<p><!--adsense--><\/p>\n<p style=\"text-align: center;\">[email_link]\n","protected":false},"excerpt":{"rendered":"<p>Europeana, el museo, biblioteca y archivo digital de la UE, se ha abierto por fin, y al parecer se ha producido una saturaci\u00f3n. Los internautas han acogido la idea con alegr\u00eda y esta avalancha ha bloqueado el acceso al sistema. Los responsables esperan solucionarlo en los pr\u00f3ximos d\u00edas.<\/p>\n","protected":false},"author":1,"featured_media":0,"comment_status":"open","ping_status":"open","sticky":false,"template":"","format":"standard","meta":{"footnotes":""},"categories":[10],"tags":[200,201,811,1238,1343,1470,1471,1958,1959,2287,2728,3352,3369],"class_list":["post-979","post","type-post","status-publish","format-standard","hentry","category-la-ciudad-reflexiva","tag-archivo","tag-archivo-digital","tag-cultura","tag-europeana","tag-fondos","tag-gratis","tag-gratuito","tag-libreria","tag-libro","tag-musica","tag-proyecto-europeo","tag-ue","tag-union-europea"],"_links":{"self":[{"href":"https:\/\/escribocreativo.com\/blog\/wp-json\/wp\/v2\/posts\/979","targetHints":{"allow":["GET"]}}],"collection":[{"href":"https:\/\/escribocreativo.com\/blog\/wp-json\/wp\/v2\/posts"}],"about":[{"href":"https:\/\/escribocreativo.com\/blog\/wp-json\/wp\/v2\/types\/post"}],"author":[{"embeddable":true,"href":"https:\/\/escribocreativo.com\/blog\/wp-json\/wp\/v2\/users\/1"}],"replies":[{"embeddable":true,"href":"https:\/\/escribocreativo.com\/blog\/wp-json\/wp\/v2\/comments?post=979"}],"version-history":[{"count":0,"href":"https:\/\/escribocreativo.com\/blog\/wp-json\/wp\/v2\/posts\/979\/revisions"}],"wp:attachment":[{"href":"https:\/\/escribocreativo.com\/blog\/wp-json\/wp\/v2\/media?parent=979"}],"wp:term":[{"taxonomy":"category","embeddable":true,"href":"https:\/\/escribocreativo.com\/blog\/wp-json\/wp\/v2\/categories?post=979"},{"taxonomy":"post_tag","embeddable":true,"href":"https:\/\/escribocreativo.com\/blog\/wp-json\/wp\/v2\/tags?post=979"}],"curies":[{"name":"wp","href":"https:\/\/api.w.org\/{rel}","templated":true}]}}