{"id":9883,"date":"2012-01-02T16:24:06","date_gmt":"2012-01-02T16:24:06","guid":{"rendered":"http:\/\/poesiamas.net\/blog\/?p=9883"},"modified":"2012-01-02T16:24:06","modified_gmt":"2012-01-02T16:24:06","slug":"carta-vinculante-a-los-reyes-magos","status":"publish","type":"post","link":"https:\/\/escribocreativo.com\/blog\/2012\/01\/02\/carta-vinculante-a-los-reyes-magos\/","title":{"rendered":"Carta vinculante a los Reyes Magos"},"content":{"rendered":"<p><a href=\"https:\/\/escribocreativo.com\/blog\/wp-content\/uploads\/2012\/01\/scalextric_c3_f1.jpg\"><img loading=\"lazy\" decoding=\"async\" class=\"wp-image-9884 aligncenter\" title=\"scalextric_c3_f1\" src=\"https:\/\/escribocreativo.com\/blog\/wp-content\/uploads\/2012\/01\/scalextric_c3_f1-300x200.jpg\" alt=\"\" width=\"300\" height=\"200\" \/><\/a><strong>Queridos Reyes Magos:<\/strong><\/p>\n<p style=\"text-align: justify;\">Por obvias razones socioculturales, como cada a\u00f1o, aqu\u00ed les env\u00edo la carta con los regalos que me gustar\u00eda recibir. No s\u00e9 si en este mundo globalizado los tuaregs escriben Cartas de Reyes, pero entiendo que no debe ser una de sus prioridades, o si siquiera su cultura o religi\u00f3n est\u00e1 asociada a una de las tres grandes religiones universales. Me han educado para ello y, participando de esta festividad, quisiera comentarles una incidencia que, a\u00f1o tras a\u00f1o, se repite de forma insoslayable.<\/p>\n<p style=\"text-align: justify;\"><!--more--><\/p>\n<p style=\"text-align: justify;\">\u00bfEs esta carta que env\u00edo cada a\u00f1o a Sus Majestades vinculante? Resulta que, desde que tengo uso de raz\u00f3n, la relaci\u00f3n entre los regalos recibidos y los que hab\u00eda solicitado es equ\u00edvoca. Me he tomado estas vacaciones el tiempo necesario para recopilar las cartas que a\u00fan guardo y, con ayuda de mi familia, recordar qu\u00e9 me hab\u00edan regalado cada a\u00f1o. Ha sido una tarea complicada, y digamos que puede tener un margen de error del 30%. El resultado no pod\u00eda ser m\u00e1s descorazonador: apenas me han tra\u00eddo el 20% de los regalos que hab\u00eda pedido. Ustedes dir\u00e1n que nada tiene que ver la ilusi\u00f3n con la estad\u00edstica, y tienen raz\u00f3n, pero la realidad es demoledora.<\/p>\n<p style=\"text-align: justify;\">\u00bfQu\u00e9 ocurrir\u00e1, entonces, con los regalos de este a\u00f1o? \u00bfPido o no el MacBook Pro? \u00bfQu\u00e9 ocurre con el I-Pad? \u00bfEl viaje a Abisinia? \u00bfLa bicicleta voladora? \u00bfA\u00f1ado en la lista los boxers marcapaquetes? \u00bfY qu\u00e9 pasa con el Scalextric, que llevo 38 a\u00f1os pidi\u00e9ndolo?<\/p>\n<p style=\"text-align: justify;\">Es por eso que no debe extra\u00f1arles que, este a\u00f1o, la carta que env\u00ede les llegue de un modo poco habitual. Adjunto a la misma un acta notarial y, como habr\u00e1n podido comprobar, un recibo de certificado urgente, no porque desconf\u00ede de su excelente servicio postal, sino por preservar mis derechos como cualquier otro ilusionado de a pie.<\/p>\n<p style=\"text-align: justify;\">Reciban un cari\u00f1oso saludo.<\/p>\n<p style=\"text-align: justify;\">Julio.<\/p>\n<p style=\"text-align: justify;\">P.d.: Cu\u00eddense de los yernos, que nunca son lo que parecen ser.<\/p>\n","protected":false},"excerpt":{"rendered":"<p>Queridos Reyes Magos: Por obvias razones socioculturales, como cada a\u00f1o, aqu\u00ed les env\u00edo la carta con los regalos que me gustar\u00eda recibir. No s\u00e9 si en este mundo globalizado los tuaregs escriben Cartas de Reyes, pero entiendo que no debe ser una de sus prioridades, o si siquiera su cultura o religi\u00f3n est\u00e1 asociada a una de las tres grandes[&#8230;]<\/p>\n","protected":false},"author":1,"featured_media":0,"comment_status":"open","ping_status":"open","sticky":false,"template":"","format":"standard","meta":{"footnotes":""},"categories":[10],"tags":[516,518,2814,2867],"class_list":["post-9883","post","type-post","status-publish","format-standard","hentry","category-la-ciudad-reflexiva","tag-carta","tag-carta-de-reyes","tag-regalos","tag-reyes-magos"],"_links":{"self":[{"href":"https:\/\/escribocreativo.com\/blog\/wp-json\/wp\/v2\/posts\/9883","targetHints":{"allow":["GET"]}}],"collection":[{"href":"https:\/\/escribocreativo.com\/blog\/wp-json\/wp\/v2\/posts"}],"about":[{"href":"https:\/\/escribocreativo.com\/blog\/wp-json\/wp\/v2\/types\/post"}],"author":[{"embeddable":true,"href":"https:\/\/escribocreativo.com\/blog\/wp-json\/wp\/v2\/users\/1"}],"replies":[{"embeddable":true,"href":"https:\/\/escribocreativo.com\/blog\/wp-json\/wp\/v2\/comments?post=9883"}],"version-history":[{"count":0,"href":"https:\/\/escribocreativo.com\/blog\/wp-json\/wp\/v2\/posts\/9883\/revisions"}],"wp:attachment":[{"href":"https:\/\/escribocreativo.com\/blog\/wp-json\/wp\/v2\/media?parent=9883"}],"wp:term":[{"taxonomy":"category","embeddable":true,"href":"https:\/\/escribocreativo.com\/blog\/wp-json\/wp\/v2\/categories?post=9883"},{"taxonomy":"post_tag","embeddable":true,"href":"https:\/\/escribocreativo.com\/blog\/wp-json\/wp\/v2\/tags?post=9883"}],"curies":[{"name":"wp","href":"https:\/\/api.w.org\/{rel}","templated":true}]}}