{"id":9949,"date":"2012-01-16T13:42:23","date_gmt":"2012-01-16T13:42:23","guid":{"rendered":"http:\/\/poesiamas.net\/blog\/?p=9949"},"modified":"2015-03-11T13:48:01","modified_gmt":"2015-03-11T13:48:01","slug":"sin-el-euro-cuantas-pesetas-nos-costaria-un-cafe","status":"publish","type":"post","link":"https:\/\/escribocreativo.com\/blog\/2012\/01\/16\/sin-el-euro-cuantas-pesetas-nos-costaria-un-cafe\/","title":{"rendered":"Sin el euro, \u00bfcu\u00e1ntas pesetas nos costar\u00eda un caf\u00e9?"},"content":{"rendered":"<p style=\"text-align: justify;\"><a href=\"https:\/\/escribocreativo.com\/blog\/wp-content\/uploads\/2012\/01\/caf\u00e9.jpg\"><img loading=\"lazy\" decoding=\"async\" class=\"aligncenter size-full wp-image-9950\" title=\"caf\u00e9\" src=\"https:\/\/escribocreativo.com\/blog\/wp-content\/uploads\/2012\/01\/caf\u00e9.jpg\" alt=\"\" width=\"242\" height=\"208\" \/><\/a><\/p>\n<p style=\"text-align: justify;\">Un n\u00famero creciente de economistas creen que Grecia y otras econom\u00edas d\u00e9biles de la U.E. dejar\u00e1n el euro y volver\u00e1n a su moneda. Esto, dicen, har\u00eda mucho m\u00e1s f\u00e1cil a estas naciones el pago de sus deudas.<\/p>\n<p style=\"text-align: justify;\">Pero tambi\u00e9n abandonar la estabilidad del euro, dicen, podr\u00eda suponer un aumento de los precios y aumentar la brecha de riqueza entre Alemania y el resto. El resultado: caf\u00e9 m\u00e1s caro para todos. Un mal para cualquier escritor que se precie, salvo los que apuestan por el bourbon o el copazo de whisky. Todo vale para invocar a las musas mientras se trabaja duro.<\/p>\n<p style=\"text-align: justify;\"><!--more--><\/p>\n<p style=\"text-align: justify;\">He aqu\u00ed el aumento del precio de un caf\u00e9 seg\u00fan <strong>Time Magazine<\/strong> (edici\u00f3n del 9 de enero de 2012):<\/p>\n<p>Atenas: 91% m\u00e1s (903 dracmas)<\/p>\n<p><strong>Madrid: 38% m\u00e1s<\/strong> (<strong>376<\/strong> pesetas)<\/p>\n<p>Roma: 28% m\u00e1s (362 liras)<\/p>\n<p>Dubl\u00edn: 25% m\u00e1s (393 libras irlandesas)<\/p>\n<p>Bruselas: 24% m\u00e1s (429 francos belgas)<\/p>\n<p>Par\u00eds: 6% m\u00e1s (444 francos)<\/p>\n<p>Amsterdam: 2% m\u00e1s (321 florines holandeses)<\/p>\n<p>Berl\u00edn: 0% m\u00e1s (419 marcos)<\/p>\n<p style=\"text-align: center;\">[email_link]\n","protected":false},"excerpt":{"rendered":"<p>Un n\u00famero creciente de economistas creen que Grecia y otras econom\u00edas d\u00e9biles de la U.E. dejar\u00e1n el euro y volver\u00e1n a su moneda. Esto, dicen, har\u00eda mucho m\u00e1s f\u00e1cil a estas naciones el pago de sus deudas. Pero tambi\u00e9n abandonar la estabilidad del euro, dicen, podr\u00eda suponer un aumento de los precios y aumentar la brecha de riqueza entre Alemania[&#8230;]<\/p>\n","protected":false},"author":1,"featured_media":0,"comment_status":"open","ping_status":"open","sticky":false,"template":"","format":"standard","meta":{"footnotes":""},"categories":[10],"tags":[435,771,1004,1232,2577,2670],"class_list":["post-9949","post","type-post","status-publish","format-standard","hentry","category-la-ciudad-reflexiva","tag-cafe","tag-crisis","tag-economia","tag-euro","tag-peseta","tag-precio"],"_links":{"self":[{"href":"https:\/\/escribocreativo.com\/blog\/wp-json\/wp\/v2\/posts\/9949","targetHints":{"allow":["GET"]}}],"collection":[{"href":"https:\/\/escribocreativo.com\/blog\/wp-json\/wp\/v2\/posts"}],"about":[{"href":"https:\/\/escribocreativo.com\/blog\/wp-json\/wp\/v2\/types\/post"}],"author":[{"embeddable":true,"href":"https:\/\/escribocreativo.com\/blog\/wp-json\/wp\/v2\/users\/1"}],"replies":[{"embeddable":true,"href":"https:\/\/escribocreativo.com\/blog\/wp-json\/wp\/v2\/comments?post=9949"}],"version-history":[{"count":0,"href":"https:\/\/escribocreativo.com\/blog\/wp-json\/wp\/v2\/posts\/9949\/revisions"}],"wp:attachment":[{"href":"https:\/\/escribocreativo.com\/blog\/wp-json\/wp\/v2\/media?parent=9949"}],"wp:term":[{"taxonomy":"category","embeddable":true,"href":"https:\/\/escribocreativo.com\/blog\/wp-json\/wp\/v2\/categories?post=9949"},{"taxonomy":"post_tag","embeddable":true,"href":"https:\/\/escribocreativo.com\/blog\/wp-json\/wp\/v2\/tags?post=9949"}],"curies":[{"name":"wp","href":"https:\/\/api.w.org\/{rel}","templated":true}]}}