{"id":996,"date":"2008-11-24T11:33:11","date_gmt":"2008-11-24T11:33:11","guid":{"rendered":"http:\/\/poesiamas.net\/blog\/?p=996"},"modified":"2015-03-11T13:48:06","modified_gmt":"2015-03-11T13:48:06","slug":"el-laicismo-esta-de-moda","status":"publish","type":"post","link":"https:\/\/escribocreativo.com\/blog\/2008\/11\/24\/el-laicismo-esta-de-moda\/","title":{"rendered":"El laicismo est\u00e1 de moda"},"content":{"rendered":"<p>Tengo la convicci\u00f3n de que  en este pa\u00eds se hace una presi\u00f3n muy fuerte a todos aquellos que niegan creer en Dios. Cualquier comentario genera, no en el \u00e1mbito popular, sino en las instituciones de la Iglesia Cat\u00f3lica, un rechazo y una presi\u00f3n cargante y despiadada.<\/p>\n<p style=\"text-align: justify;\">S\u00ed, despiadada: en un pa\u00eds regido por leyes, que no por dogmas, que critiquen constantemente las decisiones en su contra de los tribunales es m\u00e1s que cargante. Que mantengan pugnas abiertas contra el gobierno por no ceder en su empe\u00f1o de monopolizar la religi\u00f3n, y no perder cotas de influencia (de poder, en definitiva), es contradictorio.<\/p>\n<p style=\"text-align: justify;\"><!--more--><\/p>\n<p style=\"text-align: justify;\">Le pido a un gobierno democr\u00e1tico que plantee la necesidad de establecer no solo la separaci\u00f3n de poderes sino, adem\u00e1s, que no existan injerencias o chantajes de ninguna religi\u00f3n sobre el estado. La moralidad no necesita a la religi\u00f3n para explicarse; la moral, que es social, pero tambi\u00e9n privada, no puede establecerse como paradigma de los ideales cat\u00f3licos, por buenos que sean. Toda religi\u00f3n posee, por s\u00ed misma, buenos y \u00e9ticos razonamientos.<\/p>\n<p style=\"text-align: justify;\">Los cat\u00f3licos opinan sobre todo; aborto, concepci\u00f3n, familia, educaci\u00f3n. Y quieren adoctrinar al resto de la poblaci\u00f3n no creyente en su moralidad. Durante siglos ha tenido un poder fastuoso; a\u00fan lo tiene. Como en Google, se mide la influencia en el seguimiento. Y la del Papa es indiscutible.<\/p>\n<p style=\"text-align: justify;\">Es probable que todo lo dem\u00e1s la Iglesia Cat\u00f3lica lo haga estupendamente, y que su apoyo al tercer mundo, los cuidados al primero, y su ayuda desinteresada sean una labor ejemplar. Pero hablamos de otra cosa: de la injerencia en c\u00f3mo vivir la vida propia, en la creaci\u00f3n de normas de convivencia ajenas a intereses ideol\u00f3gicos. No vale todo. Ser ateo es un estigma: ya no m\u00e1s.<\/p>\n<p style=\"text-align: center;\">\n<p><!--adsense--><br \/>\n[email_link]\n","protected":false},"excerpt":{"rendered":"<p>Tengo la convicci\u00f3n de que en este pa\u00eds se hace una presi\u00f3n muy fuerte a todos aquellos que niegan creer en Dios. Cualquier comentario genera, no en el \u00e1mbito popular, sino en las instituciones de la Iglesia Cat\u00f3lica, un rechazo y una presi\u00f3n cargante y despiadada. S\u00ed, despiadada: en un pa\u00eds regido por leyes, que no por dogmas, que critiquen[&#8230;]<\/p>\n","protected":false},"author":1,"featured_media":0,"comment_status":"open","ping_status":"open","sticky":false,"template":"","format":"standard","meta":{"footnotes":""},"categories":[10],"tags":[93,236,1211,1229,1611,1897,2247,2832],"class_list":["post-996","post","type-post","status-publish","format-standard","hentry","category-la-ciudad-reflexiva","tag-agnostico","tag-ateo","tag-estado","tag-etica","tag-iglesia-catolica","tag-laicismo","tag-moral","tag-religion"],"_links":{"self":[{"href":"https:\/\/escribocreativo.com\/blog\/wp-json\/wp\/v2\/posts\/996","targetHints":{"allow":["GET"]}}],"collection":[{"href":"https:\/\/escribocreativo.com\/blog\/wp-json\/wp\/v2\/posts"}],"about":[{"href":"https:\/\/escribocreativo.com\/blog\/wp-json\/wp\/v2\/types\/post"}],"author":[{"embeddable":true,"href":"https:\/\/escribocreativo.com\/blog\/wp-json\/wp\/v2\/users\/1"}],"replies":[{"embeddable":true,"href":"https:\/\/escribocreativo.com\/blog\/wp-json\/wp\/v2\/comments?post=996"}],"version-history":[{"count":0,"href":"https:\/\/escribocreativo.com\/blog\/wp-json\/wp\/v2\/posts\/996\/revisions"}],"wp:attachment":[{"href":"https:\/\/escribocreativo.com\/blog\/wp-json\/wp\/v2\/media?parent=996"}],"wp:term":[{"taxonomy":"category","embeddable":true,"href":"https:\/\/escribocreativo.com\/blog\/wp-json\/wp\/v2\/categories?post=996"},{"taxonomy":"post_tag","embeddable":true,"href":"https:\/\/escribocreativo.com\/blog\/wp-json\/wp\/v2\/tags?post=996"}],"curies":[{"name":"wp","href":"https:\/\/api.w.org\/{rel}","templated":true}]}}